{"id":1465,"date":"2019-03-25T10:10:45","date_gmt":"2019-03-25T09:10:45","guid":{"rendered":"https:\/\/www.conica.com\/?p=1465"},"modified":"2025-08-12T17:21:45","modified_gmt":"2025-08-12T15:21:45","slug":"wolfgang-motzer-wieder-bei-conica","status":"publish","type":"post","link":"https:\/\/www.conica.com\/de\/wolfgang-motzer-wieder-bei-conica\/","title":{"rendered":"Wolfgang Motzer, wieder bei Conica"},"content":{"rendered":"<div class=\"wp-block-atomic-blocks-ab-container ab-block-container alignfull\">\r\n    <div class=\"ab-container-inside\">\r\n        <div class=\"ab-container-content\">\r\n            <div class=\"wp-block-atomic-blocks-ab-columns page-intro ab-layout-columns-2 ab-2-col-equal alignwide\">\r\n                <div class=\"ab-layout-column-wrap ab-block-layout-column-gap-2 ab-is-responsive-column\">\r\n                    <div class=\"wp-block-atomic-blocks-ab-column ab-block-layout-column\">\r\n                        <div class=\"ab-block-layout-column-inner news-header\">\r\n                            <h1>Neu und doch vertraut: Wolfgang Motzer geh\u00f6rt wieder zur CONICA Crew<\/h1>\r\n                            <p>25. M\u00e4rz 2019<\/p>\r\n                        <\/div>\r\n                    <\/div>\r\n                    <div class=\"wp-block-atomic-blocks-ab-column ab-block-layout-column\">\r\n                        <div class=\"ab-block-layout-column-inner\">\r\n                            <p> Ist die CONICA-Gruppe seit \u00fcber 40 Jahren f\u00fcr ihre Sportb\u00f6den aus dem Schweizerischen Schaffhausen bekannt. Auch im Bereich \u201eFunctional Flooring\u201c hat CONICA einiges zu bieten. Industrieb\u00f6den f\u00fcr Produktionsst\u00e4tten und Lagerr\u00e4ume, dekorative Komfortb\u00f6den f\u00fcr Schulen, Bibliotheken sowie Restaurants und nicht zuletzt Hochleistungsb\u00f6den f\u00fcr Parkh\u00e4user und Einkaufszentren, sind ebenso \u201eMade in Schaffhausen\u201c und werden weltweit vermarktet.<\/p>\r\n                        <\/div>\r\n                    <\/div>\r\n                <\/div>\r\n            <\/div>\r\n        <\/div>\r\n    <\/div>\r\n<\/div>\r\n\n\n\n<div class=\"wp-block-atomic-blocks-ab-container ab-block-container alignfull\"><div class=\"ab-container-inside\"><div class=\"ab-container-content\">\n<figure class=\"wp-block-image alignfull size-large\"><img decoding=\"async\" width=\"1024\" height=\"384\" src=\"https:\/\/www.conica.com\/wp-content\/uploads\/2020\/07\/Bild-_Beitrag_header.jpg\" alt=\"\" class=\"wp-image-1466\" srcset=\"https:\/\/www.conica.com\/wp-content\/uploads\/2020\/07\/Bild-_Beitrag_header.jpg 1024w, https:\/\/www.conica.com\/wp-content\/uploads\/2020\/07\/Bild-_Beitrag_header-300x113.jpg 300w, https:\/\/www.conica.com\/wp-content\/uploads\/2020\/07\/Bild-_Beitrag_header-768x288.jpg 768w\" sizes=\"(max-width: 1024px) 100vw, 1024px\" \/><\/figure>\n\n\n\n<p><\/p>\n<\/div><\/div><\/div>\n\n\n\n<p>F\u00fcr dieses umfangreiche \u201eFunctional Flooring\u201c Segment wird, ab dem 01. April 2019, Wolfgang Motzer als Produktmager das Steuer \u00fcbernehmen. Wolfgang Motzer ist kein \u201eCONICA Neuling\u201c, von 1997 \u2013 2010 arbeitete er, zun\u00e4chst als Aussendienst Mitarbeiter und sp\u00e4ter als Produktmanager bei CONICA. Nun ist er wieder zur\u00fcck. \u201eCONICA hat ein \u00fcberragendes Produkt- und Systemportfolio, basierend auf langj\u00e4hrig bew\u00e4hrten und qualitativ hochwertigen Polyurethan- und Epoxidharz Produkten sowie Spezialprodukte f\u00fcr schnelle Sanierungen oder Abdichtungsl\u00f6sungen. Es freut mich hier in ein bekanntes Umfeld zur\u00fcckkehren zu d\u00fcrfen\u201c, berichtet der ehemalige und nun wieder neue CONICA Mitarbeiter. Als Schnittstelle zwischen Entwicklung, Marketing und Vertrieb m\u00f6chte er den Mehrwert der innovativen CONICA Produkte im nationalen und internationalen Markt ausbauen.<\/p>\n\n\n\n<p>Die CONICA AG freut sich, einen so erfahrenen Mitarbeiter wieder f\u00fcr sich gewonnen zu haben.<\/p>\n","protected":false},"excerpt":{"rendered":"<p>F\u00fcr dieses umfangreiche \u201eFunctional Flooring\u201c Segment wird, ab dem 01. April 2019, Wolfgang Motzer als Produktmager das Steuer \u00fcbernehmen. Wolfgang Motzer ist kein \u201eCONICA Neuling\u201c, von 1997 \u2013 2010 arbeitete er, zun\u00e4chst als Aussendienst Mitarbeiter und sp\u00e4ter als Produktmanager bei CONICA. Nun ist er wieder zur\u00fcck. \u201eCONICA hat ein \u00fcberragendes Produkt- und Systemportfolio, basierend auf [&hellip;]<\/p>\n","protected":false},"author":8,"featured_media":1469,"comment_status":"closed","ping_status":"closed","sticky":false,"template":"","format":"standard","meta":{"_acf_changed":false,"_uag_custom_page_level_css":"","_genesis_hide_title":false,"_genesis_hide_breadcrumbs":false,"_genesis_hide_singular_image":false,"_genesis_custom_body_class":"","_genesis_custom_post_class":"","_genesis_layout":"","footnotes":""},"categories":[1],"tags":[],"locations_categories":[80,81,82,83],"class_list":{"0":"post-1465","1":"post","2":"type-post","3":"status-publish","4":"format-standard","5":"has-post-thumbnail","7":"category-news","8":"locations_categories-functional-flooring","9":"locations_categories-industrial-flooring","10":"locations_categories-playgrounds","11":"locations_categories-sports-flooring","12":"entry"},"acf":[],"yoast_head":"<!-- This site is optimized with the Yoast SEO plugin v27.4 - https:\/\/yoast.com\/product\/yoast-seo-wordpress\/ -->\n<title>Wolfgang Motzer, wieder bei Conica - CONICA AG<\/title>\n<meta name=\"robots\" content=\"index, follow, max-snippet:-1, max-image-preview:large, max-video-preview:-1\" \/>\n<link rel=\"canonical\" href=\"https:\/\/www.conica.com\/de\/wolfgang-motzer-wieder-bei-conica\/\" \/>\n<meta property=\"og:locale\" content=\"de_DE\" \/>\n<meta property=\"og:type\" content=\"article\" \/>\n<meta property=\"og:title\" content=\"Wolfgang Motzer, wieder bei Conica - CONICA AG\" \/>\n<meta property=\"og:description\" content=\"F\u00fcr dieses umfangreiche \u201eFunctional Flooring\u201c Segment wird, ab dem 01. April 2019, Wolfgang Motzer als Produktmager das Steuer \u00fcbernehmen. Wolfgang Motzer ist kein \u201eCONICA Neuling\u201c, von 1997 \u2013 2010 arbeitete er, zun\u00e4chst als Aussendienst Mitarbeiter und sp\u00e4ter als Produktmanager bei CONICA. Nun ist er wieder zur\u00fcck. \u201eCONICA hat ein \u00fcberragendes Produkt- und Systemportfolio, basierend auf [&hellip;]\" \/>\n<meta property=\"og:url\" content=\"https:\/\/www.conica.com\/de\/wolfgang-motzer-wieder-bei-conica\/\" \/>\n<meta property=\"og:site_name\" content=\"CONICA AG\" \/>\n<meta property=\"article:published_time\" content=\"2019-03-25T09:10:45+00:00\" \/>\n<meta property=\"article:modified_time\" content=\"2025-08-12T15:21:45+00:00\" \/>\n<meta property=\"og:image\" content=\"https:\/\/www.conica.com\/wp-content\/uploads\/2020\/07\/Bild-_Beitrag_1000.jpg\" \/>\n\t<meta property=\"og:image:width\" content=\"1000\" \/>\n\t<meta property=\"og:image:height\" content=\"1000\" \/>\n\t<meta property=\"og:image:type\" content=\"image\/jpeg\" \/>\n<meta name=\"author\" content=\"cloudweb admin\" \/>\n<meta name=\"twitter:card\" content=\"summary_large_image\" \/>\n<meta name=\"twitter:label1\" content=\"Verfasst von\" \/>\n\t<meta name=\"twitter:data1\" content=\"cloudweb admin\" \/>\n\t<meta name=\"twitter:label2\" content=\"Gesch\u00e4tzte Lesezeit\" \/>\n\t<meta name=\"twitter:data2\" content=\"1\u00a0Minute\" \/>\n<script type=\"application\/ld+json\" class=\"yoast-schema-graph\">{\"@context\":\"https:\\\/\\\/schema.org\",\"@graph\":[{\"@type\":\"Article\",\"@id\":\"https:\\\/\\\/www.conica.com\\\/de\\\/wolfgang-motzer-wieder-bei-conica\\\/#article\",\"isPartOf\":{\"@id\":\"https:\\\/\\\/www.conica.com\\\/de\\\/wolfgang-motzer-wieder-bei-conica\\\/\"},\"author\":{\"name\":\"cloudweb admin\",\"@id\":\"https:\\\/\\\/www.conica.com\\\/it\\\/#\\\/schema\\\/person\\\/21a28360f827ea08a260c39002caa02d\"},\"headline\":\"Wolfgang Motzer, wieder bei Conica\",\"datePublished\":\"2019-03-25T09:10:45+00:00\",\"dateModified\":\"2025-08-12T15:21:45+00:00\",\"mainEntityOfPage\":{\"@id\":\"https:\\\/\\\/www.conica.com\\\/de\\\/wolfgang-motzer-wieder-bei-conica\\\/\"},\"wordCount\":139,\"publisher\":{\"@id\":\"https:\\\/\\\/www.conica.com\\\/it\\\/#organization\"},\"image\":{\"@id\":\"https:\\\/\\\/www.conica.com\\\/de\\\/wolfgang-motzer-wieder-bei-conica\\\/#primaryimage\"},\"thumbnailUrl\":\"https:\\\/\\\/www.conica.com\\\/wp-content\\\/uploads\\\/2020\\\/07\\\/Bild-_Beitrag_1000.jpg\",\"articleSection\":[\"News\"],\"inLanguage\":\"de\"},{\"@type\":\"WebPage\",\"@id\":\"https:\\\/\\\/www.conica.com\\\/de\\\/wolfgang-motzer-wieder-bei-conica\\\/\",\"url\":\"https:\\\/\\\/www.conica.com\\\/de\\\/wolfgang-motzer-wieder-bei-conica\\\/\",\"name\":\"Wolfgang Motzer, wieder bei Conica - CONICA AG\",\"isPartOf\":{\"@id\":\"https:\\\/\\\/www.conica.com\\\/it\\\/#website\"},\"primaryImageOfPage\":{\"@id\":\"https:\\\/\\\/www.conica.com\\\/de\\\/wolfgang-motzer-wieder-bei-conica\\\/#primaryimage\"},\"image\":{\"@id\":\"https:\\\/\\\/www.conica.com\\\/de\\\/wolfgang-motzer-wieder-bei-conica\\\/#primaryimage\"},\"thumbnailUrl\":\"https:\\\/\\\/www.conica.com\\\/wp-content\\\/uploads\\\/2020\\\/07\\\/Bild-_Beitrag_1000.jpg\",\"datePublished\":\"2019-03-25T09:10:45+00:00\",\"dateModified\":\"2025-08-12T15:21:45+00:00\",\"breadcrumb\":{\"@id\":\"https:\\\/\\\/www.conica.com\\\/de\\\/wolfgang-motzer-wieder-bei-conica\\\/#breadcrumb\"},\"inLanguage\":\"de\",\"potentialAction\":[{\"@type\":\"ReadAction\",\"target\":[\"https:\\\/\\\/www.conica.com\\\/de\\\/wolfgang-motzer-wieder-bei-conica\\\/\"]}]},{\"@type\":\"ImageObject\",\"inLanguage\":\"de\",\"@id\":\"https:\\\/\\\/www.conica.com\\\/de\\\/wolfgang-motzer-wieder-bei-conica\\\/#primaryimage\",\"url\":\"https:\\\/\\\/www.conica.com\\\/wp-content\\\/uploads\\\/2020\\\/07\\\/Bild-_Beitrag_1000.jpg\",\"contentUrl\":\"https:\\\/\\\/www.conica.com\\\/wp-content\\\/uploads\\\/2020\\\/07\\\/Bild-_Beitrag_1000.jpg\",\"width\":1000,\"height\":1000},{\"@type\":\"BreadcrumbList\",\"@id\":\"https:\\\/\\\/www.conica.com\\\/de\\\/wolfgang-motzer-wieder-bei-conica\\\/#breadcrumb\",\"itemListElement\":[{\"@type\":\"ListItem\",\"position\":1,\"name\":\"Home\",\"item\":\"https:\\\/\\\/www.conica.com\\\/de\\\/\"},{\"@type\":\"ListItem\",\"position\":2,\"name\":\"Wolfgang Motzer, wieder bei Conica\"}]},{\"@type\":\"WebSite\",\"@id\":\"https:\\\/\\\/www.conica.com\\\/it\\\/#website\",\"url\":\"https:\\\/\\\/www.conica.com\\\/it\\\/\",\"name\":\"CONICA AG\",\"description\":\"Sport-, Playground- und Functional Flooring Bel\u00e4ge\",\"publisher\":{\"@id\":\"https:\\\/\\\/www.conica.com\\\/it\\\/#organization\"},\"potentialAction\":[{\"@type\":\"SearchAction\",\"target\":{\"@type\":\"EntryPoint\",\"urlTemplate\":\"https:\\\/\\\/www.conica.com\\\/it\\\/?s={search_term_string}\"},\"query-input\":{\"@type\":\"PropertyValueSpecification\",\"valueRequired\":true,\"valueName\":\"search_term_string\"}}],\"inLanguage\":\"de\"},{\"@type\":\"Organization\",\"@id\":\"https:\\\/\\\/www.conica.com\\\/it\\\/#organization\",\"name\":\"CONICA AG\",\"url\":\"https:\\\/\\\/www.conica.com\\\/it\\\/\",\"logo\":{\"@type\":\"ImageObject\",\"inLanguage\":\"de\",\"@id\":\"https:\\\/\\\/www.conica.com\\\/it\\\/#\\\/schema\\\/logo\\\/image\\\/\",\"url\":\"https:\\\/\\\/www.conica.com\\\/wp-content\\\/uploads\\\/2020\\\/04\\\/logo_conica-01.svg\",\"contentUrl\":\"https:\\\/\\\/www.conica.com\\\/wp-content\\\/uploads\\\/2020\\\/04\\\/logo_conica-01.svg\",\"caption\":\"CONICA AG\"},\"image\":{\"@id\":\"https:\\\/\\\/www.conica.com\\\/it\\\/#\\\/schema\\\/logo\\\/image\\\/\"}},{\"@type\":\"Person\",\"@id\":\"https:\\\/\\\/www.conica.com\\\/it\\\/#\\\/schema\\\/person\\\/21a28360f827ea08a260c39002caa02d\",\"name\":\"cloudweb admin\",\"image\":{\"@type\":\"ImageObject\",\"inLanguage\":\"de\",\"@id\":\"https:\\\/\\\/secure.gravatar.com\\\/avatar\\\/606f72c7df6210eef0ba3cb7dbdf2188f05a4e3d78921dd69ff68542ad576340?s=96&d=mm&r=g\",\"url\":\"https:\\\/\\\/secure.gravatar.com\\\/avatar\\\/606f72c7df6210eef0ba3cb7dbdf2188f05a4e3d78921dd69ff68542ad576340?s=96&d=mm&r=g\",\"contentUrl\":\"https:\\\/\\\/secure.gravatar.com\\\/avatar\\\/606f72c7df6210eef0ba3cb7dbdf2188f05a4e3d78921dd69ff68542ad576340?s=96&d=mm&r=g\",\"caption\":\"cloudweb admin\"}}]}<\/script>\n<!-- \/ Yoast SEO plugin. -->","yoast_head_json":{"title":"Wolfgang Motzer, wieder bei Conica - CONICA AG","robots":{"index":"index","follow":"follow","max-snippet":"max-snippet:-1","max-image-preview":"max-image-preview:large","max-video-preview":"max-video-preview:-1"},"canonical":"https:\/\/www.conica.com\/de\/wolfgang-motzer-wieder-bei-conica\/","og_locale":"de_DE","og_type":"article","og_title":"Wolfgang Motzer, wieder bei Conica - CONICA AG","og_description":"F\u00fcr dieses umfangreiche \u201eFunctional Flooring\u201c Segment wird, ab dem 01. April 2019, Wolfgang Motzer als Produktmager das Steuer \u00fcbernehmen. Wolfgang Motzer ist kein \u201eCONICA Neuling\u201c, von 1997 \u2013 2010 arbeitete er, zun\u00e4chst als Aussendienst Mitarbeiter und sp\u00e4ter als Produktmanager bei CONICA. Nun ist er wieder zur\u00fcck. \u201eCONICA hat ein \u00fcberragendes Produkt- und Systemportfolio, basierend auf [&hellip;]","og_url":"https:\/\/www.conica.com\/de\/wolfgang-motzer-wieder-bei-conica\/","og_site_name":"CONICA AG","article_published_time":"2019-03-25T09:10:45+00:00","article_modified_time":"2025-08-12T15:21:45+00:00","og_image":[{"width":1000,"height":1000,"url":"https:\/\/www.conica.com\/wp-content\/uploads\/2020\/07\/Bild-_Beitrag_1000.jpg","type":"image\/jpeg"}],"author":"cloudweb admin","twitter_card":"summary_large_image","twitter_misc":{"Verfasst von":"cloudweb admin","Gesch\u00e4tzte Lesezeit":"1\u00a0Minute"},"schema":{"@context":"https:\/\/schema.org","@graph":[{"@type":"Article","@id":"https:\/\/www.conica.com\/de\/wolfgang-motzer-wieder-bei-conica\/#article","isPartOf":{"@id":"https:\/\/www.conica.com\/de\/wolfgang-motzer-wieder-bei-conica\/"},"author":{"name":"cloudweb admin","@id":"https:\/\/www.conica.com\/it\/#\/schema\/person\/21a28360f827ea08a260c39002caa02d"},"headline":"Wolfgang Motzer, wieder bei Conica","datePublished":"2019-03-25T09:10:45+00:00","dateModified":"2025-08-12T15:21:45+00:00","mainEntityOfPage":{"@id":"https:\/\/www.conica.com\/de\/wolfgang-motzer-wieder-bei-conica\/"},"wordCount":139,"publisher":{"@id":"https:\/\/www.conica.com\/it\/#organization"},"image":{"@id":"https:\/\/www.conica.com\/de\/wolfgang-motzer-wieder-bei-conica\/#primaryimage"},"thumbnailUrl":"https:\/\/www.conica.com\/wp-content\/uploads\/2020\/07\/Bild-_Beitrag_1000.jpg","articleSection":["News"],"inLanguage":"de"},{"@type":"WebPage","@id":"https:\/\/www.conica.com\/de\/wolfgang-motzer-wieder-bei-conica\/","url":"https:\/\/www.conica.com\/de\/wolfgang-motzer-wieder-bei-conica\/","name":"Wolfgang Motzer, wieder bei Conica - CONICA AG","isPartOf":{"@id":"https:\/\/www.conica.com\/it\/#website"},"primaryImageOfPage":{"@id":"https:\/\/www.conica.com\/de\/wolfgang-motzer-wieder-bei-conica\/#primaryimage"},"image":{"@id":"https:\/\/www.conica.com\/de\/wolfgang-motzer-wieder-bei-conica\/#primaryimage"},"thumbnailUrl":"https:\/\/www.conica.com\/wp-content\/uploads\/2020\/07\/Bild-_Beitrag_1000.jpg","datePublished":"2019-03-25T09:10:45+00:00","dateModified":"2025-08-12T15:21:45+00:00","breadcrumb":{"@id":"https:\/\/www.conica.com\/de\/wolfgang-motzer-wieder-bei-conica\/#breadcrumb"},"inLanguage":"de","potentialAction":[{"@type":"ReadAction","target":["https:\/\/www.conica.com\/de\/wolfgang-motzer-wieder-bei-conica\/"]}]},{"@type":"ImageObject","inLanguage":"de","@id":"https:\/\/www.conica.com\/de\/wolfgang-motzer-wieder-bei-conica\/#primaryimage","url":"https:\/\/www.conica.com\/wp-content\/uploads\/2020\/07\/Bild-_Beitrag_1000.jpg","contentUrl":"https:\/\/www.conica.com\/wp-content\/uploads\/2020\/07\/Bild-_Beitrag_1000.jpg","width":1000,"height":1000},{"@type":"BreadcrumbList","@id":"https:\/\/www.conica.com\/de\/wolfgang-motzer-wieder-bei-conica\/#breadcrumb","itemListElement":[{"@type":"ListItem","position":1,"name":"Home","item":"https:\/\/www.conica.com\/de\/"},{"@type":"ListItem","position":2,"name":"Wolfgang Motzer, wieder bei Conica"}]},{"@type":"WebSite","@id":"https:\/\/www.conica.com\/it\/#website","url":"https:\/\/www.conica.com\/it\/","name":"CONICA AG","description":"Sport-, Playground- und Functional Flooring Bel\u00e4ge","publisher":{"@id":"https:\/\/www.conica.com\/it\/#organization"},"potentialAction":[{"@type":"SearchAction","target":{"@type":"EntryPoint","urlTemplate":"https:\/\/www.conica.com\/it\/?s={search_term_string}"},"query-input":{"@type":"PropertyValueSpecification","valueRequired":true,"valueName":"search_term_string"}}],"inLanguage":"de"},{"@type":"Organization","@id":"https:\/\/www.conica.com\/it\/#organization","name":"CONICA AG","url":"https:\/\/www.conica.com\/it\/","logo":{"@type":"ImageObject","inLanguage":"de","@id":"https:\/\/www.conica.com\/it\/#\/schema\/logo\/image\/","url":"https:\/\/www.conica.com\/wp-content\/uploads\/2020\/04\/logo_conica-01.svg","contentUrl":"https:\/\/www.conica.com\/wp-content\/uploads\/2020\/04\/logo_conica-01.svg","caption":"CONICA AG"},"image":{"@id":"https:\/\/www.conica.com\/it\/#\/schema\/logo\/image\/"}},{"@type":"Person","@id":"https:\/\/www.conica.com\/it\/#\/schema\/person\/21a28360f827ea08a260c39002caa02d","name":"cloudweb admin","image":{"@type":"ImageObject","inLanguage":"de","@id":"https:\/\/secure.gravatar.com\/avatar\/606f72c7df6210eef0ba3cb7dbdf2188f05a4e3d78921dd69ff68542ad576340?s=96&d=mm&r=g","url":"https:\/\/secure.gravatar.com\/avatar\/606f72c7df6210eef0ba3cb7dbdf2188f05a4e3d78921dd69ff68542ad576340?s=96&d=mm&r=g","contentUrl":"https:\/\/secure.gravatar.com\/avatar\/606f72c7df6210eef0ba3cb7dbdf2188f05a4e3d78921dd69ff68542ad576340?s=96&d=mm&r=g","caption":"cloudweb admin"}}]}},"featured_image_src":"https:\/\/www.conica.com\/wp-content\/uploads\/2020\/07\/Bild-_Beitrag_1000-600x400.jpg","featured_image_src_square":"https:\/\/www.conica.com\/wp-content\/uploads\/2020\/07\/Bild-_Beitrag_1000-600x600.jpg","author_info":{"display_name":"cloudweb admin","author_link":"https:\/\/www.conica.com\/de\/author\/cloudweb-admin\/"},"uagb_featured_image_src":{"full":["https:\/\/www.conica.com\/wp-content\/uploads\/2020\/07\/Bild-_Beitrag_1000.jpg",1000,1000,false],"thumbnail":["https:\/\/www.conica.com\/wp-content\/uploads\/2020\/07\/Bild-_Beitrag_1000-150x150.jpg",150,150,true],"medium":["https:\/\/www.conica.com\/wp-content\/uploads\/2020\/07\/Bild-_Beitrag_1000-300x300.jpg",300,300,true],"medium_large":["https:\/\/www.conica.com\/wp-content\/uploads\/2020\/07\/Bild-_Beitrag_1000-768x768.jpg",768,768,true],"large":["https:\/\/www.conica.com\/wp-content\/uploads\/2020\/07\/Bild-_Beitrag_1000.jpg",1000,1000,false],"gs-tiny":["https:\/\/www.conica.com\/wp-content\/uploads\/2020\/07\/Bild-_Beitrag_1000.jpg",50,50,false],"xl":["https:\/\/www.conica.com\/wp-content\/uploads\/2020\/07\/Bild-_Beitrag_1000.jpg",1000,1000,false],"xxl":["https:\/\/www.conica.com\/wp-content\/uploads\/2020\/07\/Bild-_Beitrag_1000.jpg",1000,1000,false],"xxxl":["https:\/\/www.conica.com\/wp-content\/uploads\/2020\/07\/Bild-_Beitrag_1000.jpg",1000,1000,false],"xxxxl":["https:\/\/www.conica.com\/wp-content\/uploads\/2020\/07\/Bild-_Beitrag_1000.jpg",1000,1000,false],"xxxxxl":["https:\/\/www.conica.com\/wp-content\/uploads\/2020\/07\/Bild-_Beitrag_1000.jpg",1000,1000,false],"gts-thumbnail":["https:\/\/www.conica.com\/wp-content\/uploads\/2020\/07\/Bild-_Beitrag_1000-100x100.jpg",100,100,true],"1536x1536":["https:\/\/www.conica.com\/wp-content\/uploads\/2020\/07\/Bild-_Beitrag_1000.jpg",1000,1000,false],"2048x2048":["https:\/\/www.conica.com\/wp-content\/uploads\/2020\/07\/Bild-_Beitrag_1000.jpg",1000,1000,false],"sidebar-featured":["https:\/\/www.conica.com\/wp-content\/uploads\/2020\/07\/Bild-_Beitrag_1000-75x75.jpg",75,75,true],"genesis-singular-images":["https:\/\/www.conica.com\/wp-content\/uploads\/2020\/07\/Bild-_Beitrag_1000-702x526.jpg",702,526,true],"ab-block-post-grid-landscape":["https:\/\/www.conica.com\/wp-content\/uploads\/2020\/07\/Bild-_Beitrag_1000-600x400.jpg",600,400,true],"ab-block-post-grid-square":["https:\/\/www.conica.com\/wp-content\/uploads\/2020\/07\/Bild-_Beitrag_1000-600x600.jpg",600,600,true],"gform-image-choice-sm":["https:\/\/www.conica.com\/wp-content\/uploads\/2020\/07\/Bild-_Beitrag_1000.jpg",300,300,false],"gform-image-choice-md":["https:\/\/www.conica.com\/wp-content\/uploads\/2020\/07\/Bild-_Beitrag_1000.jpg",400,400,false],"gform-image-choice-lg":["https:\/\/www.conica.com\/wp-content\/uploads\/2020\/07\/Bild-_Beitrag_1000.jpg",600,600,false]},"uagb_author_info":{"display_name":"cloudweb admin","author_link":"https:\/\/www.conica.com\/de\/author\/cloudweb-admin\/"},"uagb_comment_info":0,"uagb_excerpt":"F\u00fcr dieses umfangreiche \u201eFunctional Flooring\u201c Segment wird, ab dem 01. April 2019, Wolfgang Motzer als Produktmager das Steuer \u00fcbernehmen. Wolfgang Motzer ist kein \u201eCONICA Neuling\u201c, von 1997 \u2013 2010 arbeitete er, zun\u00e4chst als Aussendienst Mitarbeiter und sp\u00e4ter als Produktmanager bei CONICA. Nun ist er wieder zur\u00fcck. \u201eCONICA hat ein \u00fcberragendes Produkt- und Systemportfolio, basierend auf&hellip;","_links":{"self":[{"href":"https:\/\/www.conica.com\/de\/wp-json\/wp\/v2\/posts\/1465","targetHints":{"allow":["GET"]}}],"collection":[{"href":"https:\/\/www.conica.com\/de\/wp-json\/wp\/v2\/posts"}],"about":[{"href":"https:\/\/www.conica.com\/de\/wp-json\/wp\/v2\/types\/post"}],"author":[{"embeddable":true,"href":"https:\/\/www.conica.com\/de\/wp-json\/wp\/v2\/users\/8"}],"replies":[{"embeddable":true,"href":"https:\/\/www.conica.com\/de\/wp-json\/wp\/v2\/comments?post=1465"}],"version-history":[{"count":1,"href":"https:\/\/www.conica.com\/de\/wp-json\/wp\/v2\/posts\/1465\/revisions"}],"predecessor-version":[{"id":44954,"href":"https:\/\/www.conica.com\/de\/wp-json\/wp\/v2\/posts\/1465\/revisions\/44954"}],"wp:featuredmedia":[{"embeddable":true,"href":"https:\/\/www.conica.com\/de\/wp-json\/wp\/v2\/media\/1469"}],"wp:attachment":[{"href":"https:\/\/www.conica.com\/de\/wp-json\/wp\/v2\/media?parent=1465"}],"wp:term":[{"taxonomy":"category","embeddable":true,"href":"https:\/\/www.conica.com\/de\/wp-json\/wp\/v2\/categories?post=1465"},{"taxonomy":"post_tag","embeddable":true,"href":"https:\/\/www.conica.com\/de\/wp-json\/wp\/v2\/tags?post=1465"},{"taxonomy":"locations_categories","embeddable":true,"href":"https:\/\/www.conica.com\/de\/wp-json\/wp\/v2\/locations_categories?post=1465"}],"curies":[{"name":"wp","href":"https:\/\/api.w.org\/{rel}","templated":true}]}}