{"id":20436,"date":"2021-10-14T02:00:00","date_gmt":"2021-10-14T00:00:00","guid":{"rendered":"https:\/\/www.conica.com\/?p=20436"},"modified":"2025-08-12T16:10:06","modified_gmt":"2025-08-12T14:10:06","slug":"eine-schule-am-see-2","status":"publish","type":"post","link":"https:\/\/www.conica.com\/de\/eine-schule-am-see-2\/","title":{"rendered":"Eine Schule am See"},"content":{"rendered":"\n<div class=\"wp-block-group\"><div class=\"wp-block-group__inner-container is-layout-flow wp-block-group-is-layout-flow\"><div class=\"wp-block-atomic-blocks-ab-container ab-block-container alignfull\">\r\n    <div class=\"ab-container-inside\">\r\n        <div class=\"ab-container-content\">\r\n            <div class=\"wp-block-atomic-blocks-ab-columns page-intro ab-layout-columns-2 ab-2-col-equal alignwide\">\r\n                <div class=\"ab-layout-column-wrap ab-block-layout-column-gap-2 ab-is-responsive-column\">\r\n                    <div class=\"wp-block-atomic-blocks-ab-column ab-block-layout-column\">\r\n                        <div class=\"ab-block-layout-column-inner news-header\">\r\n                            <h1>Eine Schule am See<\/h1>\r\n                            <p>14. Oktober 2021<\/p>\r\n                        <\/div>\r\n                    <\/div>\r\n                    <div class=\"wp-block-atomic-blocks-ab-column ab-block-layout-column\">\r\n                        <div class=\"ab-block-layout-column-inner\">\r\n                            <p> Lange Zeit war die Felice-Schule von Yverdon-les-Bains auf mehrere Geb\u00e4ude verteilt. Seit 2019 sind die Sch\u00fclerinnen und Sch\u00fcler endlich unter einem Dach vereint. M\u00f6glich wurde dies, weil direkt am Neuenburger See ein ganzes Stadtviertel entstanden ist. In den neuen R\u00e4umlichkeiten sorgen trittschalld\u00e4mmende Bel\u00e4ge von CONICA f\u00fcr eine wohnliche Atmosph\u00e4re.\n<\/p>\r\n                        <\/div>\r\n                    <\/div>\r\n                <\/div>\r\n            <\/div>\r\n        <\/div>\r\n    <\/div>\r\n<\/div>\r\n\n\n\n<p><\/p>\n<\/div><\/div>\n\n\n\n<div class=\"wp-block-buttons is-content-justification-left is-layout-flex wp-block-buttons-is-layout-flex\">\n<div class=\"wp-block-button post-button\"><a class=\"wp-block-button__link\" href=\"https:\/\/www.conica.com\/industrie\/bildungswesen\/\">MEHR ERFAHREN<\/a><\/div>\n<\/div>\n\n\n\n<figure class=\"wp-block-image alignfull size-full is-style-default\"><img decoding=\"async\" width=\"1964\" height=\"1067\" src=\"https:\/\/www.conica.com\/wp-content\/uploads\/2021\/09\/Yverdon-HD-klein.jpg\" alt=\"\" class=\"wp-image-20308\" srcset=\"https:\/\/www.conica.com\/wp-content\/uploads\/2021\/09\/Yverdon-HD-klein.jpg 1964w, https:\/\/www.conica.com\/wp-content\/uploads\/2021\/09\/Yverdon-HD-klein-300x163.jpg 300w, https:\/\/www.conica.com\/wp-content\/uploads\/2021\/09\/Yverdon-HD-klein-1024x556.jpg 1024w, https:\/\/www.conica.com\/wp-content\/uploads\/2021\/09\/Yverdon-HD-klein-768x417.jpg 768w, https:\/\/www.conica.com\/wp-content\/uploads\/2021\/09\/Yverdon-HD-klein-1536x834.jpg 1536w, https:\/\/www.conica.com\/wp-content\/uploads\/2021\/09\/Yverdon-HD-klein-1600x869.jpg 1600w\" sizes=\"(max-width: 1964px) 100vw, 1964px\" \/><figcaption>Felice-Schule von Yverdon-les-Bains, CONICA CONIPUR LPC\/LPC+<\/figcaption><\/figure>\n\n\n\n<p>Die Neugestaltung des Gare-Lac-Viertel soll die Innenstadt von Yverdon-les-Bains (Kanton Waadt, Schweiz) zum See hin \u00f6ffnen und dringend ben\u00f6tigten Raum schaffen. Insgesamt wird das Wohn- und Aktionsviertel 3.800 Einwohner und 1.200 Arbeitspl\u00e4tze beherbergen. Den Architekturwettbewerb f\u00fcr das Schulgeb\u00e4ude Coll\u00e8ge des Rives gewann das Architekturb\u00fcro Pont12 zusammen mit einer Vertretergruppe f\u00fcr die technischen Gewerke.<\/p>\n\n\n\n<p>Das viergeschossige Schulgeb\u00e4ude mit seinen gro\u00dfen Erkern kn\u00fcpft an die Architektur des industriell gepr\u00e4gten Viertels an. 700 Sch\u00fclerinnen und Sch\u00fcler im Alter von 11 bis 16 Jahren finden in der neuen Schule Platz. Das helle Atrium sorgt f\u00fcr kurze Wege zwischen den Klassenzimmern und ist zugleich zentraler Treffpunkt, an dem die Jugendlichen selbst in einer kurzen Pause zusammenkommen k\u00f6nnen. Beton, Holz und Glas pr\u00e4gen das Erscheinungsbild. Das kompakte Geb\u00e4ude ist auf eine langj\u00e4hrige Nutzung ausgelegt und nat\u00fcrlich \u00e4u\u00dferst energieeffizient. Daf\u00fcr sorgen unter anderem die Beheizung mit Fernw\u00e4rme und Photovoltaikpaneelen. Es versteht sich, dass die Erbauer auch bei allen anderen Gewerken gr\u00f6\u00dften Wert auf Qualit\u00e4t und Langlebigkeit legten. Der Generalunternehmer, die Implenia Suisse SA, entschied sich deshalb f\u00fcr eine ganze Palette von CONICA Bodenbel\u00e4gen, die im Zeitraum von Februar bis Juli 2019 installiert wurden.<\/p>\n\n\n\n<p><strong>Ruhe und Komfort durch passende Bel\u00e4ge<\/strong><\/p>\n\n\n\n<p>Eine Schule ist immer ein lebhafter Ort. Der Wunsch nach einer ruhigen Lernatmosph\u00e4re steht gerade hier oft im Widerspruch zum Bewegungsdrang der Heranwachsenden. Umso wichtiger ist es, vermeidbare L\u00e4rmquellen zu erkennen und zu eliminieren. Die Verantwortlichen w\u00fcnschten deshalb im Innenbereich Bel\u00e4ge mit hervorragenden Trittschalld\u00e4mmeigenschaften. Die Implenia Suisse SA installierte hierf\u00fcr CONIFLOOR LPC + Bel\u00e4ge, die bei 6 mm Dicke eine Trittschalld\u00e4mmung von -20 dB gem\u00e4\u00df ISO10140-1 gew\u00e4hrleisten. Die Installation konnte direkt auf der Betonplatte erfolgen. Das robuste und emissionsarme System besteht aus Polyurethanharz mit SBR-Matte. Es ist zertifiziert nach T\u00dcV ProfiCert &#8211; Premium-Produktzertifizierung. Dieses unabh\u00e4ngige Label bescheinigt die Einhaltung verschiedener Gesundheits- und Umweltvorschriften, wie beispielsweise das ECO Minergie A-Label. Damit eignet sich dieser Belag besonders f\u00fcr \u00f6ffentliche R\u00e4ume wie Schulen und Krankenh\u00e4user. Dar\u00fcber hinaus bietet CONIFLOOR LPC + ein sehr hohes Komfort-Niveau, das den Bewegungsapparat schont und dem Planer viele Gestaltungsm\u00f6glichkeiten bietet. In etwas weniger kritischen Bereichen kam CONIFLOOR LPC zum Einsatz. Auch dieser Belag ist emissionsarm, trittelastisch, rutschhemmend, gelenkschonend und trotzdem robust. Die farbige und elastische Polyurethan-Verlaufsbeschichtung wird bevorzugt in dekorativen und komfortablen Bereichen eingesetzt. Insgesamt rund 10.900 m<sup>2<\/sup> CONIFLOOR LPC und CONIFLOOR LPC + sind im Eingangsbereich, Korridoren, Klassenzimmern und Treppen des Coll\u00e8ge des Rives installiert.<\/p>\n\n\n\n<p><strong>Hart im Nehmen: CONIFLOOR IES f\u00fcr die Technikr\u00e4ume<\/strong><\/p>\n\n\n\n<p>F\u00fcr mechanisch st\u00e4rker belastete Bereiche, wie Technik- und Lagerr\u00e4ume w\u00e4hlte Implenia einen besonders widerstandsf\u00e4higen Belag: CONIFLOOR IES. Er ist druck- und abriebfest, chemikalienbest\u00e4ndig, fl\u00fcssigkeitsdicht und einfach zu reinigen. Da er zugleich l\u00f6semittelfrei und ableitf\u00e4hig ist, wird er gern in kritischen Bereichen wie Analyselabors oder der Pharmaindustrie eingesetzt. Damit sind auch diese Bereiche der Schule perfekt f\u00fcr einen anspruchsvollen Alltag ger\u00fcstet.<\/p>\n\n\n\n<p>Mit diesen CONICA-Bel\u00e4gen unterstreichen die Erbauer ihren Anspruch, das Coll\u00e8ge des Rives als langlebige und nachhaltige Investition in die Zukunft des Standorts Yverdon-les-Bains zu realisieren.<\/p>\n\n\n\n<p>Hier finden Sie die neue Case Study.&nbsp;<strong><a href=\"https:\/\/www.conica.com\/wp-content\/uploads\/2021\/09\/Case-Study-College-des-Rives.pdf\">Download PDF<\/a><\/strong><\/p>\n\n\n\n<div class=\"wp-block-columns is-layout-flex wp-container-core-columns-is-layout-9d6595d7 wp-block-columns-is-layout-flex\">\n<div class=\"wp-block-column is-layout-flow wp-block-column-is-layout-flow\" style=\"flex-basis:100%\">\n<figure class=\"wp-block-gallery columns-1 is-cropped wp-block-gallery-1 is-layout-flex wp-block-gallery-is-layout-flex\"><ul class=\"blocks-gallery-grid\"><li class=\"blocks-gallery-item\"><figure><img decoding=\"async\" width=\"1500\" height=\"2167\" src=\"https:\/\/www.conica.com\/wp-content\/uploads\/2021\/09\/Case-Study-College-des-Rives_Seite_1.jpg\" alt=\"\" data-id=\"20278\" data-full-url=\"https:\/\/www.conica.com\/wp-content\/uploads\/2021\/09\/Case-Study-College-des-Rives_Seite_1.jpg\" data-link=\"https:\/\/www.conica.com\/case-study-college-des-rives_seite_1\/\" class=\"wp-image-20278\" srcset=\"https:\/\/www.conica.com\/wp-content\/uploads\/2021\/09\/Case-Study-College-des-Rives_Seite_1.jpg 1500w, https:\/\/www.conica.com\/wp-content\/uploads\/2021\/09\/Case-Study-College-des-Rives_Seite_1-208x300.jpg 208w, https:\/\/www.conica.com\/wp-content\/uploads\/2021\/09\/Case-Study-College-des-Rives_Seite_1-709x1024.jpg 709w, https:\/\/www.conica.com\/wp-content\/uploads\/2021\/09\/Case-Study-College-des-Rives_Seite_1-768x1110.jpg 768w, https:\/\/www.conica.com\/wp-content\/uploads\/2021\/09\/Case-Study-College-des-Rives_Seite_1-1063x1536.jpg 1063w, https:\/\/www.conica.com\/wp-content\/uploads\/2021\/09\/Case-Study-College-des-Rives_Seite_1-1418x2048.jpg 1418w\" sizes=\"(max-width: 1500px) 100vw, 1500px\" \/><\/figure><\/li><li class=\"blocks-gallery-item\"><figure><img decoding=\"async\" width=\"1500\" height=\"2167\" src=\"https:\/\/www.conica.com\/wp-content\/uploads\/2021\/09\/Case-Study-College-des-Rives_Seite_2.jpg\" alt=\"\" data-id=\"20283\" data-full-url=\"https:\/\/www.conica.com\/wp-content\/uploads\/2021\/09\/Case-Study-College-des-Rives_Seite_2.jpg\" data-link=\"https:\/\/www.conica.com\/case-study-college-des-rives_seite_2\/\" class=\"wp-image-20283\" srcset=\"https:\/\/www.conica.com\/wp-content\/uploads\/2021\/09\/Case-Study-College-des-Rives_Seite_2.jpg 1500w, https:\/\/www.conica.com\/wp-content\/uploads\/2021\/09\/Case-Study-College-des-Rives_Seite_2-208x300.jpg 208w, https:\/\/www.conica.com\/wp-content\/uploads\/2021\/09\/Case-Study-College-des-Rives_Seite_2-709x1024.jpg 709w, https:\/\/www.conica.com\/wp-content\/uploads\/2021\/09\/Case-Study-College-des-Rives_Seite_2-768x1110.jpg 768w, https:\/\/www.conica.com\/wp-content\/uploads\/2021\/09\/Case-Study-College-des-Rives_Seite_2-1063x1536.jpg 1063w, https:\/\/www.conica.com\/wp-content\/uploads\/2021\/09\/Case-Study-College-des-Rives_Seite_2-1418x2048.jpg 1418w\" sizes=\"(max-width: 1500px) 100vw, 1500px\" \/><\/figure><\/li><li class=\"blocks-gallery-item\"><figure><img decoding=\"async\" width=\"1500\" height=\"2167\" src=\"https:\/\/www.conica.com\/wp-content\/uploads\/2021\/09\/Case-Study-College-des-Rives_Seite_3.jpg\" alt=\"\" data-id=\"20288\" data-full-url=\"https:\/\/www.conica.com\/wp-content\/uploads\/2021\/09\/Case-Study-College-des-Rives_Seite_3.jpg\" data-link=\"https:\/\/www.conica.com\/case-study-college-des-rives_seite_3\/\" class=\"wp-image-20288\" srcset=\"https:\/\/www.conica.com\/wp-content\/uploads\/2021\/09\/Case-Study-College-des-Rives_Seite_3.jpg 1500w, https:\/\/www.conica.com\/wp-content\/uploads\/2021\/09\/Case-Study-College-des-Rives_Seite_3-208x300.jpg 208w, https:\/\/www.conica.com\/wp-content\/uploads\/2021\/09\/Case-Study-College-des-Rives_Seite_3-709x1024.jpg 709w, https:\/\/www.conica.com\/wp-content\/uploads\/2021\/09\/Case-Study-College-des-Rives_Seite_3-768x1110.jpg 768w, https:\/\/www.conica.com\/wp-content\/uploads\/2021\/09\/Case-Study-College-des-Rives_Seite_3-1063x1536.jpg 1063w, https:\/\/www.conica.com\/wp-content\/uploads\/2021\/09\/Case-Study-College-des-Rives_Seite_3-1418x2048.jpg 1418w\" sizes=\"(max-width: 1500px) 100vw, 1500px\" \/><\/figure><\/li><li class=\"blocks-gallery-item\"><figure><img decoding=\"async\" width=\"1500\" height=\"2167\" src=\"https:\/\/www.conica.com\/wp-content\/uploads\/2021\/09\/Case-Study-College-des-Rives_Seite_4.jpg\" alt=\"\" data-id=\"20293\" data-full-url=\"https:\/\/www.conica.com\/wp-content\/uploads\/2021\/09\/Case-Study-College-des-Rives_Seite_4.jpg\" data-link=\"https:\/\/www.conica.com\/case-study-college-des-rives_seite_4\/\" class=\"wp-image-20293\" srcset=\"https:\/\/www.conica.com\/wp-content\/uploads\/2021\/09\/Case-Study-College-des-Rives_Seite_4.jpg 1500w, https:\/\/www.conica.com\/wp-content\/uploads\/2021\/09\/Case-Study-College-des-Rives_Seite_4-208x300.jpg 208w, https:\/\/www.conica.com\/wp-content\/uploads\/2021\/09\/Case-Study-College-des-Rives_Seite_4-709x1024.jpg 709w, https:\/\/www.conica.com\/wp-content\/uploads\/2021\/09\/Case-Study-College-des-Rives_Seite_4-768x1110.jpg 768w, https:\/\/www.conica.com\/wp-content\/uploads\/2021\/09\/Case-Study-College-des-Rives_Seite_4-1063x1536.jpg 1063w, https:\/\/www.conica.com\/wp-content\/uploads\/2021\/09\/Case-Study-College-des-Rives_Seite_4-1418x2048.jpg 1418w\" sizes=\"(max-width: 1500px) 100vw, 1500px\" \/><\/figure><\/li><li class=\"blocks-gallery-item\"><figure><img decoding=\"async\" width=\"1500\" height=\"2167\" src=\"https:\/\/www.conica.com\/wp-content\/uploads\/2021\/09\/Case-Study-College-des-Rives_Seite_5.jpg\" alt=\"\" data-id=\"20298\" data-full-url=\"https:\/\/www.conica.com\/wp-content\/uploads\/2021\/09\/Case-Study-College-des-Rives_Seite_5.jpg\" data-link=\"https:\/\/www.conica.com\/case-study-college-des-rives_seite_5\/\" class=\"wp-image-20298\" srcset=\"https:\/\/www.conica.com\/wp-content\/uploads\/2021\/09\/Case-Study-College-des-Rives_Seite_5.jpg 1500w, https:\/\/www.conica.com\/wp-content\/uploads\/2021\/09\/Case-Study-College-des-Rives_Seite_5-208x300.jpg 208w, https:\/\/www.conica.com\/wp-content\/uploads\/2021\/09\/Case-Study-College-des-Rives_Seite_5-709x1024.jpg 709w, https:\/\/www.conica.com\/wp-content\/uploads\/2021\/09\/Case-Study-College-des-Rives_Seite_5-768x1110.jpg 768w, https:\/\/www.conica.com\/wp-content\/uploads\/2021\/09\/Case-Study-College-des-Rives_Seite_5-1063x1536.jpg 1063w, https:\/\/www.conica.com\/wp-content\/uploads\/2021\/09\/Case-Study-College-des-Rives_Seite_5-1418x2048.jpg 1418w\" sizes=\"(max-width: 1500px) 100vw, 1500px\" \/><\/figure><\/li><\/ul><\/figure>\n<\/div>\n<\/div>\n","protected":false},"excerpt":{"rendered":"<p>Die Neugestaltung des Gare-Lac-Viertel soll die Innenstadt von Yverdon-les-Bains (Kanton Waadt, Schweiz) zum See hin \u00f6ffnen und dringend ben\u00f6tigten Raum schaffen. Insgesamt wird das Wohn- und Aktionsviertel 3.800 Einwohner und 1.200 Arbeitspl\u00e4tze beherbergen. Den Architekturwettbewerb f\u00fcr das Schulgeb\u00e4ude Coll\u00e8ge des Rives gewann das Architekturb\u00fcro Pont12 zusammen mit einer Vertretergruppe f\u00fcr die technischen Gewerke. Das viergeschossige [&hellip;]<\/p>\n","protected":false},"author":172,"featured_media":20308,"comment_status":"closed","ping_status":"closed","sticky":false,"template":"","format":"standard","meta":{"_acf_changed":false,"_uag_custom_page_level_css":"","_genesis_hide_title":false,"_genesis_hide_breadcrumbs":false,"_genesis_hide_singular_image":false,"_genesis_custom_body_class":"","_genesis_custom_post_class":"","_genesis_layout":"","footnotes":""},"categories":[1],"tags":[],"locations_categories":[80,81,82,83],"class_list":{"0":"post-20436","1":"post","2":"type-post","3":"status-publish","4":"format-standard","5":"has-post-thumbnail","7":"category-news","8":"locations_categories-functional-flooring","9":"locations_categories-industrial-flooring","10":"locations_categories-playgrounds","11":"locations_categories-sports-flooring","12":"entry"},"acf":[],"yoast_head":"<!-- This site is optimized with the Yoast SEO plugin v27.4 - https:\/\/yoast.com\/product\/yoast-seo-wordpress\/ -->\n<title>Eine Schule am See - CONICA AG<\/title>\n<meta name=\"robots\" content=\"index, follow, max-snippet:-1, max-image-preview:large, max-video-preview:-1\" \/>\n<link rel=\"canonical\" href=\"https:\/\/www.conica.com\/de\/eine-schule-am-see-2\/\" \/>\n<meta property=\"og:locale\" content=\"de_DE\" \/>\n<meta property=\"og:type\" content=\"article\" \/>\n<meta property=\"og:title\" content=\"Eine Schule am See - CONICA AG\" \/>\n<meta property=\"og:description\" content=\"Die Neugestaltung des Gare-Lac-Viertel soll die Innenstadt von Yverdon-les-Bains (Kanton Waadt, Schweiz) zum See hin \u00f6ffnen und dringend ben\u00f6tigten Raum schaffen. Insgesamt wird das Wohn- und Aktionsviertel 3.800 Einwohner und 1.200 Arbeitspl\u00e4tze beherbergen. Den Architekturwettbewerb f\u00fcr das Schulgeb\u00e4ude Coll\u00e8ge des Rives gewann das Architekturb\u00fcro Pont12 zusammen mit einer Vertretergruppe f\u00fcr die technischen Gewerke. Das viergeschossige [&hellip;]\" \/>\n<meta property=\"og:url\" content=\"https:\/\/www.conica.com\/de\/eine-schule-am-see-2\/\" \/>\n<meta property=\"og:site_name\" content=\"CONICA AG\" \/>\n<meta property=\"article:published_time\" content=\"2021-10-14T00:00:00+00:00\" \/>\n<meta property=\"article:modified_time\" content=\"2025-08-12T14:10:06+00:00\" \/>\n<meta property=\"og:image\" content=\"https:\/\/www.conica.com\/wp-content\/uploads\/2021\/09\/Yverdon-HD-klein.jpg\" \/>\n\t<meta property=\"og:image:width\" content=\"1964\" \/>\n\t<meta property=\"og:image:height\" content=\"1067\" \/>\n\t<meta property=\"og:image:type\" content=\"image\/jpeg\" \/>\n<meta name=\"author\" content=\"Michelle Ebner\" \/>\n<meta name=\"twitter:card\" content=\"summary_large_image\" \/>\n<meta name=\"twitter:label1\" content=\"Verfasst von\" \/>\n\t<meta name=\"twitter:data1\" content=\"Michelle Ebner\" \/>\n\t<meta name=\"twitter:label2\" content=\"Gesch\u00e4tzte Lesezeit\" \/>\n\t<meta name=\"twitter:data2\" content=\"4\u00a0Minuten\" \/>\n<script type=\"application\/ld+json\" class=\"yoast-schema-graph\">{\"@context\":\"https:\\\/\\\/schema.org\",\"@graph\":[{\"@type\":\"Article\",\"@id\":\"https:\\\/\\\/www.conica.com\\\/de\\\/eine-schule-am-see-2\\\/#article\",\"isPartOf\":{\"@id\":\"https:\\\/\\\/www.conica.com\\\/de\\\/eine-schule-am-see-2\\\/\"},\"author\":{\"name\":\"Michelle Ebner\",\"@id\":\"https:\\\/\\\/www.conica.com\\\/it\\\/#\\\/schema\\\/person\\\/e2170a23e5f06c07efa948cbda6bef06\"},\"headline\":\"Eine Schule am See\",\"datePublished\":\"2021-10-14T00:00:00+00:00\",\"dateModified\":\"2025-08-12T14:10:06+00:00\",\"mainEntityOfPage\":{\"@id\":\"https:\\\/\\\/www.conica.com\\\/de\\\/eine-schule-am-see-2\\\/\"},\"wordCount\":555,\"publisher\":{\"@id\":\"https:\\\/\\\/www.conica.com\\\/it\\\/#organization\"},\"image\":{\"@id\":\"https:\\\/\\\/www.conica.com\\\/de\\\/eine-schule-am-see-2\\\/#primaryimage\"},\"thumbnailUrl\":\"https:\\\/\\\/www.conica.com\\\/wp-content\\\/uploads\\\/2021\\\/09\\\/Yverdon-HD-klein.jpg\",\"articleSection\":[\"News\"],\"inLanguage\":\"de\"},{\"@type\":\"WebPage\",\"@id\":\"https:\\\/\\\/www.conica.com\\\/de\\\/eine-schule-am-see-2\\\/\",\"url\":\"https:\\\/\\\/www.conica.com\\\/de\\\/eine-schule-am-see-2\\\/\",\"name\":\"Eine Schule am See - CONICA AG\",\"isPartOf\":{\"@id\":\"https:\\\/\\\/www.conica.com\\\/it\\\/#website\"},\"primaryImageOfPage\":{\"@id\":\"https:\\\/\\\/www.conica.com\\\/de\\\/eine-schule-am-see-2\\\/#primaryimage\"},\"image\":{\"@id\":\"https:\\\/\\\/www.conica.com\\\/de\\\/eine-schule-am-see-2\\\/#primaryimage\"},\"thumbnailUrl\":\"https:\\\/\\\/www.conica.com\\\/wp-content\\\/uploads\\\/2021\\\/09\\\/Yverdon-HD-klein.jpg\",\"datePublished\":\"2021-10-14T00:00:00+00:00\",\"dateModified\":\"2025-08-12T14:10:06+00:00\",\"breadcrumb\":{\"@id\":\"https:\\\/\\\/www.conica.com\\\/de\\\/eine-schule-am-see-2\\\/#breadcrumb\"},\"inLanguage\":\"de\",\"potentialAction\":[{\"@type\":\"ReadAction\",\"target\":[\"https:\\\/\\\/www.conica.com\\\/de\\\/eine-schule-am-see-2\\\/\"]}]},{\"@type\":\"ImageObject\",\"inLanguage\":\"de\",\"@id\":\"https:\\\/\\\/www.conica.com\\\/de\\\/eine-schule-am-see-2\\\/#primaryimage\",\"url\":\"https:\\\/\\\/www.conica.com\\\/wp-content\\\/uploads\\\/2021\\\/09\\\/Yverdon-HD-klein.jpg\",\"contentUrl\":\"https:\\\/\\\/www.conica.com\\\/wp-content\\\/uploads\\\/2021\\\/09\\\/Yverdon-HD-klein.jpg\",\"width\":1964,\"height\":1067},{\"@type\":\"BreadcrumbList\",\"@id\":\"https:\\\/\\\/www.conica.com\\\/de\\\/eine-schule-am-see-2\\\/#breadcrumb\",\"itemListElement\":[{\"@type\":\"ListItem\",\"position\":1,\"name\":\"Home\",\"item\":\"https:\\\/\\\/www.conica.com\\\/de\\\/\"},{\"@type\":\"ListItem\",\"position\":2,\"name\":\"Eine Schule am See\"}]},{\"@type\":\"WebSite\",\"@id\":\"https:\\\/\\\/www.conica.com\\\/it\\\/#website\",\"url\":\"https:\\\/\\\/www.conica.com\\\/it\\\/\",\"name\":\"CONICA AG\",\"description\":\"Sport-, Playground- und Functional Flooring Bel\u00e4ge\",\"publisher\":{\"@id\":\"https:\\\/\\\/www.conica.com\\\/it\\\/#organization\"},\"potentialAction\":[{\"@type\":\"SearchAction\",\"target\":{\"@type\":\"EntryPoint\",\"urlTemplate\":\"https:\\\/\\\/www.conica.com\\\/it\\\/?s={search_term_string}\"},\"query-input\":{\"@type\":\"PropertyValueSpecification\",\"valueRequired\":true,\"valueName\":\"search_term_string\"}}],\"inLanguage\":\"de\"},{\"@type\":\"Organization\",\"@id\":\"https:\\\/\\\/www.conica.com\\\/it\\\/#organization\",\"name\":\"CONICA AG\",\"url\":\"https:\\\/\\\/www.conica.com\\\/it\\\/\",\"logo\":{\"@type\":\"ImageObject\",\"inLanguage\":\"de\",\"@id\":\"https:\\\/\\\/www.conica.com\\\/it\\\/#\\\/schema\\\/logo\\\/image\\\/\",\"url\":\"https:\\\/\\\/www.conica.com\\\/wp-content\\\/uploads\\\/2020\\\/04\\\/logo_conica-01.svg\",\"contentUrl\":\"https:\\\/\\\/www.conica.com\\\/wp-content\\\/uploads\\\/2020\\\/04\\\/logo_conica-01.svg\",\"caption\":\"CONICA AG\"},\"image\":{\"@id\":\"https:\\\/\\\/www.conica.com\\\/it\\\/#\\\/schema\\\/logo\\\/image\\\/\"}},{\"@type\":\"Person\",\"@id\":\"https:\\\/\\\/www.conica.com\\\/it\\\/#\\\/schema\\\/person\\\/e2170a23e5f06c07efa948cbda6bef06\",\"name\":\"Michelle Ebner\",\"image\":{\"@type\":\"ImageObject\",\"inLanguage\":\"de\",\"@id\":\"https:\\\/\\\/secure.gravatar.com\\\/avatar\\\/6d9390cbb6fc8f4c1a904247ff8b12f70826bd48fada6c883b5634d068b4150b?s=96&d=mm&r=g\",\"url\":\"https:\\\/\\\/secure.gravatar.com\\\/avatar\\\/6d9390cbb6fc8f4c1a904247ff8b12f70826bd48fada6c883b5634d068b4150b?s=96&d=mm&r=g\",\"contentUrl\":\"https:\\\/\\\/secure.gravatar.com\\\/avatar\\\/6d9390cbb6fc8f4c1a904247ff8b12f70826bd48fada6c883b5634d068b4150b?s=96&d=mm&r=g\",\"caption\":\"Michelle Ebner\"}}]}<\/script>\n<!-- \/ Yoast SEO plugin. -->","yoast_head_json":{"title":"Eine Schule am See - CONICA AG","robots":{"index":"index","follow":"follow","max-snippet":"max-snippet:-1","max-image-preview":"max-image-preview:large","max-video-preview":"max-video-preview:-1"},"canonical":"https:\/\/www.conica.com\/de\/eine-schule-am-see-2\/","og_locale":"de_DE","og_type":"article","og_title":"Eine Schule am See - CONICA AG","og_description":"Die Neugestaltung des Gare-Lac-Viertel soll die Innenstadt von Yverdon-les-Bains (Kanton Waadt, Schweiz) zum See hin \u00f6ffnen und dringend ben\u00f6tigten Raum schaffen. Insgesamt wird das Wohn- und Aktionsviertel 3.800 Einwohner und 1.200 Arbeitspl\u00e4tze beherbergen. Den Architekturwettbewerb f\u00fcr das Schulgeb\u00e4ude Coll\u00e8ge des Rives gewann das Architekturb\u00fcro Pont12 zusammen mit einer Vertretergruppe f\u00fcr die technischen Gewerke. Das viergeschossige [&hellip;]","og_url":"https:\/\/www.conica.com\/de\/eine-schule-am-see-2\/","og_site_name":"CONICA AG","article_published_time":"2021-10-14T00:00:00+00:00","article_modified_time":"2025-08-12T14:10:06+00:00","og_image":[{"width":1964,"height":1067,"url":"https:\/\/www.conica.com\/wp-content\/uploads\/2021\/09\/Yverdon-HD-klein.jpg","type":"image\/jpeg"}],"author":"Michelle Ebner","twitter_card":"summary_large_image","twitter_misc":{"Verfasst von":"Michelle Ebner","Gesch\u00e4tzte Lesezeit":"4\u00a0Minuten"},"schema":{"@context":"https:\/\/schema.org","@graph":[{"@type":"Article","@id":"https:\/\/www.conica.com\/de\/eine-schule-am-see-2\/#article","isPartOf":{"@id":"https:\/\/www.conica.com\/de\/eine-schule-am-see-2\/"},"author":{"name":"Michelle Ebner","@id":"https:\/\/www.conica.com\/it\/#\/schema\/person\/e2170a23e5f06c07efa948cbda6bef06"},"headline":"Eine Schule am See","datePublished":"2021-10-14T00:00:00+00:00","dateModified":"2025-08-12T14:10:06+00:00","mainEntityOfPage":{"@id":"https:\/\/www.conica.com\/de\/eine-schule-am-see-2\/"},"wordCount":555,"publisher":{"@id":"https:\/\/www.conica.com\/it\/#organization"},"image":{"@id":"https:\/\/www.conica.com\/de\/eine-schule-am-see-2\/#primaryimage"},"thumbnailUrl":"https:\/\/www.conica.com\/wp-content\/uploads\/2021\/09\/Yverdon-HD-klein.jpg","articleSection":["News"],"inLanguage":"de"},{"@type":"WebPage","@id":"https:\/\/www.conica.com\/de\/eine-schule-am-see-2\/","url":"https:\/\/www.conica.com\/de\/eine-schule-am-see-2\/","name":"Eine Schule am See - CONICA AG","isPartOf":{"@id":"https:\/\/www.conica.com\/it\/#website"},"primaryImageOfPage":{"@id":"https:\/\/www.conica.com\/de\/eine-schule-am-see-2\/#primaryimage"},"image":{"@id":"https:\/\/www.conica.com\/de\/eine-schule-am-see-2\/#primaryimage"},"thumbnailUrl":"https:\/\/www.conica.com\/wp-content\/uploads\/2021\/09\/Yverdon-HD-klein.jpg","datePublished":"2021-10-14T00:00:00+00:00","dateModified":"2025-08-12T14:10:06+00:00","breadcrumb":{"@id":"https:\/\/www.conica.com\/de\/eine-schule-am-see-2\/#breadcrumb"},"inLanguage":"de","potentialAction":[{"@type":"ReadAction","target":["https:\/\/www.conica.com\/de\/eine-schule-am-see-2\/"]}]},{"@type":"ImageObject","inLanguage":"de","@id":"https:\/\/www.conica.com\/de\/eine-schule-am-see-2\/#primaryimage","url":"https:\/\/www.conica.com\/wp-content\/uploads\/2021\/09\/Yverdon-HD-klein.jpg","contentUrl":"https:\/\/www.conica.com\/wp-content\/uploads\/2021\/09\/Yverdon-HD-klein.jpg","width":1964,"height":1067},{"@type":"BreadcrumbList","@id":"https:\/\/www.conica.com\/de\/eine-schule-am-see-2\/#breadcrumb","itemListElement":[{"@type":"ListItem","position":1,"name":"Home","item":"https:\/\/www.conica.com\/de\/"},{"@type":"ListItem","position":2,"name":"Eine Schule am See"}]},{"@type":"WebSite","@id":"https:\/\/www.conica.com\/it\/#website","url":"https:\/\/www.conica.com\/it\/","name":"CONICA AG","description":"Sport-, Playground- und Functional Flooring Bel\u00e4ge","publisher":{"@id":"https:\/\/www.conica.com\/it\/#organization"},"potentialAction":[{"@type":"SearchAction","target":{"@type":"EntryPoint","urlTemplate":"https:\/\/www.conica.com\/it\/?s={search_term_string}"},"query-input":{"@type":"PropertyValueSpecification","valueRequired":true,"valueName":"search_term_string"}}],"inLanguage":"de"},{"@type":"Organization","@id":"https:\/\/www.conica.com\/it\/#organization","name":"CONICA AG","url":"https:\/\/www.conica.com\/it\/","logo":{"@type":"ImageObject","inLanguage":"de","@id":"https:\/\/www.conica.com\/it\/#\/schema\/logo\/image\/","url":"https:\/\/www.conica.com\/wp-content\/uploads\/2020\/04\/logo_conica-01.svg","contentUrl":"https:\/\/www.conica.com\/wp-content\/uploads\/2020\/04\/logo_conica-01.svg","caption":"CONICA AG"},"image":{"@id":"https:\/\/www.conica.com\/it\/#\/schema\/logo\/image\/"}},{"@type":"Person","@id":"https:\/\/www.conica.com\/it\/#\/schema\/person\/e2170a23e5f06c07efa948cbda6bef06","name":"Michelle Ebner","image":{"@type":"ImageObject","inLanguage":"de","@id":"https:\/\/secure.gravatar.com\/avatar\/6d9390cbb6fc8f4c1a904247ff8b12f70826bd48fada6c883b5634d068b4150b?s=96&d=mm&r=g","url":"https:\/\/secure.gravatar.com\/avatar\/6d9390cbb6fc8f4c1a904247ff8b12f70826bd48fada6c883b5634d068b4150b?s=96&d=mm&r=g","contentUrl":"https:\/\/secure.gravatar.com\/avatar\/6d9390cbb6fc8f4c1a904247ff8b12f70826bd48fada6c883b5634d068b4150b?s=96&d=mm&r=g","caption":"Michelle Ebner"}}]}},"featured_image_src":"https:\/\/www.conica.com\/wp-content\/uploads\/2021\/09\/Yverdon-HD-klein-600x400.jpg","featured_image_src_square":"https:\/\/www.conica.com\/wp-content\/uploads\/2021\/09\/Yverdon-HD-klein-600x600.jpg","author_info":{"display_name":"Michelle Ebner","author_link":"https:\/\/www.conica.com\/de\/author\/michelle-ebner\/"},"uagb_featured_image_src":{"full":["https:\/\/www.conica.com\/wp-content\/uploads\/2021\/09\/Yverdon-HD-klein.jpg",1964,1067,false],"thumbnail":["https:\/\/www.conica.com\/wp-content\/uploads\/2021\/09\/Yverdon-HD-klein-150x150.jpg",150,150,true],"medium":["https:\/\/www.conica.com\/wp-content\/uploads\/2021\/09\/Yverdon-HD-klein-300x163.jpg",300,163,true],"medium_large":["https:\/\/www.conica.com\/wp-content\/uploads\/2021\/09\/Yverdon-HD-klein-768x417.jpg",768,417,true],"large":["https:\/\/www.conica.com\/wp-content\/uploads\/2021\/09\/Yverdon-HD-klein-1024x556.jpg",1024,556,true],"gs-tiny":["https:\/\/www.conica.com\/wp-content\/uploads\/2021\/09\/Yverdon-HD-klein.jpg",50,27,false],"xl":["https:\/\/www.conica.com\/wp-content\/uploads\/2021\/09\/Yverdon-HD-klein-1600x869.jpg",1600,869,true],"xxl":["https:\/\/www.conica.com\/wp-content\/uploads\/2021\/09\/Yverdon-HD-klein.jpg",1964,1067,false],"xxxl":["https:\/\/www.conica.com\/wp-content\/uploads\/2021\/09\/Yverdon-HD-klein.jpg",1964,1067,false],"xxxxl":["https:\/\/www.conica.com\/wp-content\/uploads\/2021\/09\/Yverdon-HD-klein.jpg",1964,1067,false],"xxxxxl":["https:\/\/www.conica.com\/wp-content\/uploads\/2021\/09\/Yverdon-HD-klein.jpg",1964,1067,false],"gts-thumbnail":["https:\/\/www.conica.com\/wp-content\/uploads\/2021\/09\/Yverdon-HD-klein-100x100.jpg",100,100,true],"1536x1536":["https:\/\/www.conica.com\/wp-content\/uploads\/2021\/09\/Yverdon-HD-klein-1536x834.jpg",1536,834,true],"2048x2048":["https:\/\/www.conica.com\/wp-content\/uploads\/2021\/09\/Yverdon-HD-klein.jpg",1964,1067,false],"sidebar-featured":["https:\/\/www.conica.com\/wp-content\/uploads\/2021\/09\/Yverdon-HD-klein-75x75.jpg",75,75,true],"genesis-singular-images":["https:\/\/www.conica.com\/wp-content\/uploads\/2021\/09\/Yverdon-HD-klein-702x526.jpg",702,526,true],"ab-block-post-grid-landscape":["https:\/\/www.conica.com\/wp-content\/uploads\/2021\/09\/Yverdon-HD-klein-600x400.jpg",600,400,true],"ab-block-post-grid-square":["https:\/\/www.conica.com\/wp-content\/uploads\/2021\/09\/Yverdon-HD-klein-600x600.jpg",600,600,true],"gform-image-choice-sm":["https:\/\/www.conica.com\/wp-content\/uploads\/2021\/09\/Yverdon-HD-klein.jpg",300,163,false],"gform-image-choice-md":["https:\/\/www.conica.com\/wp-content\/uploads\/2021\/09\/Yverdon-HD-klein.jpg",400,217,false],"gform-image-choice-lg":["https:\/\/www.conica.com\/wp-content\/uploads\/2021\/09\/Yverdon-HD-klein.jpg",600,326,false]},"uagb_author_info":{"display_name":"Michelle Ebner","author_link":"https:\/\/www.conica.com\/de\/author\/michelle-ebner\/"},"uagb_comment_info":0,"uagb_excerpt":"Die Neugestaltung des Gare-Lac-Viertel soll die Innenstadt von Yverdon-les-Bains (Kanton Waadt, Schweiz) zum See hin \u00f6ffnen und dringend ben\u00f6tigten Raum schaffen. Insgesamt wird das Wohn- und Aktionsviertel 3.800 Einwohner und 1.200 Arbeitspl\u00e4tze beherbergen. Den Architekturwettbewerb f\u00fcr das Schulgeb\u00e4ude Coll\u00e8ge des Rives gewann das Architekturb\u00fcro Pont12 zusammen mit einer Vertretergruppe f\u00fcr die technischen Gewerke. Das viergeschossige&hellip;","_links":{"self":[{"href":"https:\/\/www.conica.com\/de\/wp-json\/wp\/v2\/posts\/20436","targetHints":{"allow":["GET"]}}],"collection":[{"href":"https:\/\/www.conica.com\/de\/wp-json\/wp\/v2\/posts"}],"about":[{"href":"https:\/\/www.conica.com\/de\/wp-json\/wp\/v2\/types\/post"}],"author":[{"embeddable":true,"href":"https:\/\/www.conica.com\/de\/wp-json\/wp\/v2\/users\/172"}],"replies":[{"embeddable":true,"href":"https:\/\/www.conica.com\/de\/wp-json\/wp\/v2\/comments?post=20436"}],"version-history":[{"count":1,"href":"https:\/\/www.conica.com\/de\/wp-json\/wp\/v2\/posts\/20436\/revisions"}],"predecessor-version":[{"id":44828,"href":"https:\/\/www.conica.com\/de\/wp-json\/wp\/v2\/posts\/20436\/revisions\/44828"}],"wp:featuredmedia":[{"embeddable":true,"href":"https:\/\/www.conica.com\/de\/wp-json\/wp\/v2\/media\/20308"}],"wp:attachment":[{"href":"https:\/\/www.conica.com\/de\/wp-json\/wp\/v2\/media?parent=20436"}],"wp:term":[{"taxonomy":"category","embeddable":true,"href":"https:\/\/www.conica.com\/de\/wp-json\/wp\/v2\/categories?post=20436"},{"taxonomy":"post_tag","embeddable":true,"href":"https:\/\/www.conica.com\/de\/wp-json\/wp\/v2\/tags?post=20436"},{"taxonomy":"locations_categories","embeddable":true,"href":"https:\/\/www.conica.com\/de\/wp-json\/wp\/v2\/locations_categories?post=20436"}],"curies":[{"name":"wp","href":"https:\/\/api.w.org\/{rel}","templated":true}]}}