{"id":20477,"date":"2021-09-24T09:20:40","date_gmt":"2021-09-24T07:20:40","guid":{"rendered":"https:\/\/www.conica.com\/?p=20477"},"modified":"2025-08-12T16:10:13","modified_gmt":"2025-08-12T14:10:13","slug":"weltklasse-zuerich-2021-im-stadion-und-in-der-stadt","status":"publish","type":"post","link":"https:\/\/www.conica.com\/de\/weltklasse-zuerich-2021-im-stadion-und-in-der-stadt\/","title":{"rendered":"Weltklasse Z\u00fcrich 2021 im Stadion und in der Stadt"},"content":{"rendered":"\n<div class=\"wp-block-group\"><div class=\"wp-block-group__inner-container is-layout-flow wp-block-group-is-layout-flow\"><div class=\"wp-block-atomic-blocks-ab-container ab-block-container alignfull\">\r\n    <div class=\"ab-container-inside\">\r\n        <div class=\"ab-container-content\">\r\n            <div class=\"wp-block-atomic-blocks-ab-columns page-intro ab-layout-columns-2 ab-2-col-equal alignwide\">\r\n                <div class=\"ab-layout-column-wrap ab-block-layout-column-gap-2 ab-is-responsive-column\">\r\n                    <div class=\"wp-block-atomic-blocks-ab-column ab-block-layout-column\">\r\n                        <div class=\"ab-block-layout-column-inner news-header\">\r\n                            <h1>Weltklasse Z\u00fcrich 2021 im Stadion und in der Stadt:  Athleten loben Ambiente und Qualit\u00e4t<\/h1>\r\n                            <p>24. September 2021<\/p>\r\n                        <\/div>\r\n                    <\/div>\r\n                    <div class=\"wp-block-atomic-blocks-ab-column ab-block-layout-column\">\r\n                        <div class=\"ab-block-layout-column-inner\">\r\n                            <p> Der letzte globale Leichtathletik-Highlight der Saison 2021, das Weltklasse Z\u00fcrich Meeting, war zugleich das Finale der Diamond League. Das Besondere an der Austragung war, dass nicht nur im Letzigrund-Stadion um die Pl\u00e4tze gek\u00e4mpft wurde, sondern dass sieben der 32 Finalwettk\u00e4mpfe mitten in der Stadt am Sechsl\u00e4utenplatz &#8211; an Oper und See gelegen \u2013 stattfanden. 2.500 Zuschauer konnten dort aus n\u00e4chster N\u00e4he das nach den Olympischen Spielen in Tokio wichtigste globale Leichtathletik Event verfolgen, was nicht nur die Sportler antrieb, sondern auch dem Sport eine B\u00fchne bot, die Bev\u00f6lkerung zu erreichen und zu inspirieren.  \n<\/p>\r\n                        <\/div>\r\n                    <\/div>\r\n                <\/div>\r\n            <\/div>\r\n        <\/div>\r\n    <\/div>\r\n<\/div>\r\n<\/div><\/div>\n\n\n\n<div class=\"wp-block-buttons is-horizontal is-content-justification-left is-layout-flex wp-container-core-buttons-is-layout-7e5fce0a wp-block-buttons-is-layout-flex\"><\/div>\n\n\n\n<figure class=\"wp-block-image alignfull size-full is-style-default\"><img decoding=\"async\" width=\"1920\" height=\"1280\" src=\"https:\/\/www.conica.com\/wp-content\/uploads\/2021\/09\/UJ15162-01-1-opt.jpg\" alt=\"\" class=\"wp-image-32118\" srcset=\"https:\/\/www.conica.com\/wp-content\/uploads\/2021\/09\/UJ15162-01-1-opt.jpg 1920w, https:\/\/www.conica.com\/wp-content\/uploads\/2021\/09\/UJ15162-01-1-opt-300x200.jpg 300w, https:\/\/www.conica.com\/wp-content\/uploads\/2021\/09\/UJ15162-01-1-opt-1024x683.jpg 1024w, https:\/\/www.conica.com\/wp-content\/uploads\/2021\/09\/UJ15162-01-1-opt-768x512.jpg 768w, https:\/\/www.conica.com\/wp-content\/uploads\/2021\/09\/UJ15162-01-1-opt-1536x1024.jpg 1536w, https:\/\/www.conica.com\/wp-content\/uploads\/2021\/09\/UJ15162-01-1-opt-600x400.jpg 600w, https:\/\/www.conica.com\/wp-content\/uploads\/2021\/09\/UJ15162-01-1-opt-1600x1067.jpg 1600w\" sizes=\"(max-width: 1920px) 100vw, 1920px\" \/><figcaption class=\"wp-element-caption\">Eine Gesamtansicht der Weltklasse Z\u00fcrich, Diamond League Meeting auf dem Sechsel\u00e4utenplatz am Mittwoch, 8. September 2021 in Z\u00fcrich, Schweiz. (Weltklasse Z\u00fcrich\/Urs Jaudas)<\/figcaption><\/figure>\n\n\n\n<p>F\u00fcr den Sechsl\u00e4utenplatz baute der Schweizer Spezialist Conica in einer Rekordzeit von nur zwei Tagen eigens eine neue 560 Meter lange Laufbahn auf, die damit die bisher l\u00e4ngste mobile Laufbahn der Welt darstellt. Diese wurde nicht wie sonst \u00fcblich im Spritztechnikverfahren aufgetragen, sondern der Kunststoffbelag des Weltklasse Z\u00fcrich-Partners wurde vorproduziert und dann einmalig ausgerollt. Schon bei den ersten Proben zur Weltklasse Z\u00fcrich deutete sich an, dass trotz engeren Kurven, schnelle Tempi m\u00f6glich sein werden. Und im Finale lief beispielsweise Francine Niyonsaba aus Burundi in 14:28,98 Minuten \u00fcber 5000 Meter als Erste ins Ziel.<\/p>\n\n\n\n<p>Julio F. Fadel, Head of Marketing &amp; Communication bei Conica: \u201eGerade wegen der Corona-Pandemie war es f\u00fcr die Athleten und Besucher der Sportevents wichtig, wieder N\u00e4he zu sp\u00fcren. Tokio war in vielerlei Hinsicht ein eher steriles Ereignis. Sch\u00f6n, dass wir mit diesem Konzept einen bewussten Gegenpol schaffen konnten. Wir sind mit vielen Athleten in einem guten Dialog, die Z\u00fcrich toll fanden &#8211; sowohl was das Ambiente als auch das Laufbahnerlebnis betrifft.\u201c<\/p>\n\n\n\n<p><strong>Von Johannes Vetter bis Michael Cherry: zufriedene Wettk\u00e4mpfer<\/strong><\/p>\n\n\n\n<p>Auch der deutsche Speerwerfer Johannes Vetter, der die Bahn der Werfer in Tokio noch heftig kritisiert hatte, lobte die Bedingungen in Z\u00fcrich. Durch seinen Sieg im Letzigrund-Stadion konnte er seine Form, die er in Tokio nicht zeigen konnte, am Ende der Saison doch noch einmal best\u00e4tigen. Der bosnische Welt-Silbermedaillen Gewinner \u00fcber die 800 Meter, Amel Tuka, war ebenfalls \u00fcberzeugt von den Bedingungen vor Ort. Er lobte die schnelle Bahn, die gleichzeitig seine Gelenke schont. Auch der norwegische Mittelstreckenl\u00e4ufer Jakon Ingebrigtsen genoss die Bedingungen vor Ort. Und der US-amerikanische Athlet Michael Cherry beschrieb die Bahn als schnell und schwungvoll.<\/p>\n\n\n\n<p>Das Resultat: In Z\u00fcrich konnten zwei Jahresbestleistungen und achtmal Meeting-Rekorde von den Athleten abgerufen werden.<\/p>\n\n\n\n<div class=\"wp-block-columns is-layout-flex wp-container-core-columns-is-layout-9d6595d7 wp-block-columns-is-layout-flex\">\n<div class=\"wp-block-column is-layout-flow wp-block-column-is-layout-flow\" style=\"flex-basis:100%\"><\/div>\n<\/div>\n","protected":false},"excerpt":{"rendered":"<p>F\u00fcr den Sechsl\u00e4utenplatz baute der Schweizer Spezialist Conica in einer Rekordzeit von nur zwei Tagen eigens eine neue 560 Meter lange Laufbahn auf, die damit die bisher l\u00e4ngste mobile Laufbahn der Welt darstellt. Diese wurde nicht wie sonst \u00fcblich im Spritztechnikverfahren aufgetragen, sondern der Kunststoffbelag des Weltklasse Z\u00fcrich-Partners wurde vorproduziert und dann einmalig ausgerollt. Schon [&hellip;]<\/p>\n","protected":false},"author":172,"featured_media":20516,"comment_status":"closed","ping_status":"closed","sticky":false,"template":"","format":"standard","meta":{"_acf_changed":false,"_uag_custom_page_level_css":"","_genesis_hide_title":false,"_genesis_hide_breadcrumbs":false,"_genesis_hide_singular_image":false,"_genesis_custom_body_class":"","_genesis_custom_post_class":"","_genesis_layout":"","footnotes":""},"categories":[1,587],"tags":[],"locations_categories":[80,81,82,83],"class_list":{"0":"post-20477","1":"post","2":"type-post","3":"status-publish","4":"format-standard","5":"has-post-thumbnail","7":"category-news","8":"category-pm","9":"locations_categories-functional-flooring","10":"locations_categories-industrial-flooring","11":"locations_categories-playgrounds","12":"locations_categories-sports-flooring","13":"entry"},"acf":[],"yoast_head":"<!-- This site is optimized with the Yoast SEO plugin v27.4 - https:\/\/yoast.com\/product\/yoast-seo-wordpress\/ -->\n<title>Weltklasse Z\u00fcrich 2021 im Stadion und in der Stadt - CONICA AG<\/title>\n<meta name=\"robots\" content=\"index, follow, max-snippet:-1, max-image-preview:large, max-video-preview:-1\" \/>\n<link rel=\"canonical\" href=\"https:\/\/www.conica.com\/de\/weltklasse-zuerich-2021-im-stadion-und-in-der-stadt\/\" \/>\n<meta property=\"og:locale\" content=\"de_DE\" \/>\n<meta property=\"og:type\" content=\"article\" \/>\n<meta property=\"og:title\" content=\"Weltklasse Z\u00fcrich 2021 im Stadion und in der Stadt - CONICA AG\" \/>\n<meta property=\"og:description\" content=\"F\u00fcr den Sechsl\u00e4utenplatz baute der Schweizer Spezialist Conica in einer Rekordzeit von nur zwei Tagen eigens eine neue 560 Meter lange Laufbahn auf, die damit die bisher l\u00e4ngste mobile Laufbahn der Welt darstellt. Diese wurde nicht wie sonst \u00fcblich im Spritztechnikverfahren aufgetragen, sondern der Kunststoffbelag des Weltklasse Z\u00fcrich-Partners wurde vorproduziert und dann einmalig ausgerollt. Schon [&hellip;]\" \/>\n<meta property=\"og:url\" content=\"https:\/\/www.conica.com\/de\/weltklasse-zuerich-2021-im-stadion-und-in-der-stadt\/\" \/>\n<meta property=\"og:site_name\" content=\"CONICA AG\" \/>\n<meta property=\"article:published_time\" content=\"2021-09-24T07:20:40+00:00\" \/>\n<meta property=\"article:modified_time\" content=\"2025-08-12T14:10:13+00:00\" \/>\n<meta property=\"og:image\" content=\"https:\/\/www.conica.com\/wp-content\/uploads\/2021\/09\/UJ15162-01-1-scaled.jpg\" \/>\n\t<meta property=\"og:image:width\" content=\"2560\" \/>\n\t<meta property=\"og:image:height\" content=\"1707\" \/>\n\t<meta property=\"og:image:type\" content=\"image\/jpeg\" \/>\n<meta name=\"author\" content=\"Michelle Ebner\" \/>\n<meta name=\"twitter:card\" content=\"summary_large_image\" \/>\n<meta name=\"twitter:label1\" content=\"Verfasst von\" \/>\n\t<meta name=\"twitter:data1\" content=\"Michelle Ebner\" \/>\n\t<meta name=\"twitter:label2\" content=\"Gesch\u00e4tzte Lesezeit\" \/>\n\t<meta name=\"twitter:data2\" content=\"2\u00a0Minuten\" \/>\n<script type=\"application\/ld+json\" class=\"yoast-schema-graph\">{\"@context\":\"https:\\\/\\\/schema.org\",\"@graph\":[{\"@type\":\"Article\",\"@id\":\"https:\\\/\\\/www.conica.com\\\/de\\\/weltklasse-zuerich-2021-im-stadion-und-in-der-stadt\\\/#article\",\"isPartOf\":{\"@id\":\"https:\\\/\\\/www.conica.com\\\/de\\\/weltklasse-zuerich-2021-im-stadion-und-in-der-stadt\\\/\"},\"author\":{\"name\":\"Michelle Ebner\",\"@id\":\"https:\\\/\\\/www.conica.com\\\/it\\\/#\\\/schema\\\/person\\\/e2170a23e5f06c07efa948cbda6bef06\"},\"headline\":\"Weltklasse Z\u00fcrich 2021 im Stadion und in der Stadt\",\"datePublished\":\"2021-09-24T07:20:40+00:00\",\"dateModified\":\"2025-08-12T14:10:13+00:00\",\"mainEntityOfPage\":{\"@id\":\"https:\\\/\\\/www.conica.com\\\/de\\\/weltklasse-zuerich-2021-im-stadion-und-in-der-stadt\\\/\"},\"wordCount\":331,\"publisher\":{\"@id\":\"https:\\\/\\\/www.conica.com\\\/it\\\/#organization\"},\"image\":{\"@id\":\"https:\\\/\\\/www.conica.com\\\/de\\\/weltklasse-zuerich-2021-im-stadion-und-in-der-stadt\\\/#primaryimage\"},\"thumbnailUrl\":\"https:\\\/\\\/www.conica.com\\\/wp-content\\\/uploads\\\/2021\\\/09\\\/UJ15162-01-1-scaled.jpg\",\"articleSection\":[\"News\",\"PM\"],\"inLanguage\":\"de\"},{\"@type\":\"WebPage\",\"@id\":\"https:\\\/\\\/www.conica.com\\\/de\\\/weltklasse-zuerich-2021-im-stadion-und-in-der-stadt\\\/\",\"url\":\"https:\\\/\\\/www.conica.com\\\/de\\\/weltklasse-zuerich-2021-im-stadion-und-in-der-stadt\\\/\",\"name\":\"Weltklasse Z\u00fcrich 2021 im Stadion und in der Stadt - CONICA AG\",\"isPartOf\":{\"@id\":\"https:\\\/\\\/www.conica.com\\\/it\\\/#website\"},\"primaryImageOfPage\":{\"@id\":\"https:\\\/\\\/www.conica.com\\\/de\\\/weltklasse-zuerich-2021-im-stadion-und-in-der-stadt\\\/#primaryimage\"},\"image\":{\"@id\":\"https:\\\/\\\/www.conica.com\\\/de\\\/weltklasse-zuerich-2021-im-stadion-und-in-der-stadt\\\/#primaryimage\"},\"thumbnailUrl\":\"https:\\\/\\\/www.conica.com\\\/wp-content\\\/uploads\\\/2021\\\/09\\\/UJ15162-01-1-scaled.jpg\",\"datePublished\":\"2021-09-24T07:20:40+00:00\",\"dateModified\":\"2025-08-12T14:10:13+00:00\",\"breadcrumb\":{\"@id\":\"https:\\\/\\\/www.conica.com\\\/de\\\/weltklasse-zuerich-2021-im-stadion-und-in-der-stadt\\\/#breadcrumb\"},\"inLanguage\":\"de\",\"potentialAction\":[{\"@type\":\"ReadAction\",\"target\":[\"https:\\\/\\\/www.conica.com\\\/de\\\/weltklasse-zuerich-2021-im-stadion-und-in-der-stadt\\\/\"]}]},{\"@type\":\"ImageObject\",\"inLanguage\":\"de\",\"@id\":\"https:\\\/\\\/www.conica.com\\\/de\\\/weltklasse-zuerich-2021-im-stadion-und-in-der-stadt\\\/#primaryimage\",\"url\":\"https:\\\/\\\/www.conica.com\\\/wp-content\\\/uploads\\\/2021\\\/09\\\/UJ15162-01-1-scaled.jpg\",\"contentUrl\":\"https:\\\/\\\/www.conica.com\\\/wp-content\\\/uploads\\\/2021\\\/09\\\/UJ15162-01-1-scaled.jpg\",\"width\":2560,\"height\":1707,\"caption\":\"A general view shows the Weltklasse Zuerich, Diamond League meeting at the Sechselaeutenplatz on Wednesday, September 8, 2021 in Zurich, Switzerland. (Weltklasse Zuerich\\\/Urs Jaudas)\"},{\"@type\":\"BreadcrumbList\",\"@id\":\"https:\\\/\\\/www.conica.com\\\/de\\\/weltklasse-zuerich-2021-im-stadion-und-in-der-stadt\\\/#breadcrumb\",\"itemListElement\":[{\"@type\":\"ListItem\",\"position\":1,\"name\":\"Home\",\"item\":\"https:\\\/\\\/www.conica.com\\\/de\\\/\"},{\"@type\":\"ListItem\",\"position\":2,\"name\":\"Weltklasse Z\u00fcrich 2021 im Stadion und in der Stadt\"}]},{\"@type\":\"WebSite\",\"@id\":\"https:\\\/\\\/www.conica.com\\\/it\\\/#website\",\"url\":\"https:\\\/\\\/www.conica.com\\\/it\\\/\",\"name\":\"CONICA AG\",\"description\":\"Sport-, Playground- und Functional Flooring Bel\u00e4ge\",\"publisher\":{\"@id\":\"https:\\\/\\\/www.conica.com\\\/it\\\/#organization\"},\"potentialAction\":[{\"@type\":\"SearchAction\",\"target\":{\"@type\":\"EntryPoint\",\"urlTemplate\":\"https:\\\/\\\/www.conica.com\\\/it\\\/?s={search_term_string}\"},\"query-input\":{\"@type\":\"PropertyValueSpecification\",\"valueRequired\":true,\"valueName\":\"search_term_string\"}}],\"inLanguage\":\"de\"},{\"@type\":\"Organization\",\"@id\":\"https:\\\/\\\/www.conica.com\\\/it\\\/#organization\",\"name\":\"CONICA AG\",\"url\":\"https:\\\/\\\/www.conica.com\\\/it\\\/\",\"logo\":{\"@type\":\"ImageObject\",\"inLanguage\":\"de\",\"@id\":\"https:\\\/\\\/www.conica.com\\\/it\\\/#\\\/schema\\\/logo\\\/image\\\/\",\"url\":\"https:\\\/\\\/www.conica.com\\\/wp-content\\\/uploads\\\/2020\\\/04\\\/logo_conica-01.svg\",\"contentUrl\":\"https:\\\/\\\/www.conica.com\\\/wp-content\\\/uploads\\\/2020\\\/04\\\/logo_conica-01.svg\",\"caption\":\"CONICA AG\"},\"image\":{\"@id\":\"https:\\\/\\\/www.conica.com\\\/it\\\/#\\\/schema\\\/logo\\\/image\\\/\"}},{\"@type\":\"Person\",\"@id\":\"https:\\\/\\\/www.conica.com\\\/it\\\/#\\\/schema\\\/person\\\/e2170a23e5f06c07efa948cbda6bef06\",\"name\":\"Michelle Ebner\",\"image\":{\"@type\":\"ImageObject\",\"inLanguage\":\"de\",\"@id\":\"https:\\\/\\\/secure.gravatar.com\\\/avatar\\\/6d9390cbb6fc8f4c1a904247ff8b12f70826bd48fada6c883b5634d068b4150b?s=96&d=mm&r=g\",\"url\":\"https:\\\/\\\/secure.gravatar.com\\\/avatar\\\/6d9390cbb6fc8f4c1a904247ff8b12f70826bd48fada6c883b5634d068b4150b?s=96&d=mm&r=g\",\"contentUrl\":\"https:\\\/\\\/secure.gravatar.com\\\/avatar\\\/6d9390cbb6fc8f4c1a904247ff8b12f70826bd48fada6c883b5634d068b4150b?s=96&d=mm&r=g\",\"caption\":\"Michelle Ebner\"}}]}<\/script>\n<!-- \/ Yoast SEO plugin. -->","yoast_head_json":{"title":"Weltklasse Z\u00fcrich 2021 im Stadion und in der Stadt - CONICA AG","robots":{"index":"index","follow":"follow","max-snippet":"max-snippet:-1","max-image-preview":"max-image-preview:large","max-video-preview":"max-video-preview:-1"},"canonical":"https:\/\/www.conica.com\/de\/weltklasse-zuerich-2021-im-stadion-und-in-der-stadt\/","og_locale":"de_DE","og_type":"article","og_title":"Weltklasse Z\u00fcrich 2021 im Stadion und in der Stadt - CONICA AG","og_description":"F\u00fcr den Sechsl\u00e4utenplatz baute der Schweizer Spezialist Conica in einer Rekordzeit von nur zwei Tagen eigens eine neue 560 Meter lange Laufbahn auf, die damit die bisher l\u00e4ngste mobile Laufbahn der Welt darstellt. Diese wurde nicht wie sonst \u00fcblich im Spritztechnikverfahren aufgetragen, sondern der Kunststoffbelag des Weltklasse Z\u00fcrich-Partners wurde vorproduziert und dann einmalig ausgerollt. Schon [&hellip;]","og_url":"https:\/\/www.conica.com\/de\/weltklasse-zuerich-2021-im-stadion-und-in-der-stadt\/","og_site_name":"CONICA AG","article_published_time":"2021-09-24T07:20:40+00:00","article_modified_time":"2025-08-12T14:10:13+00:00","og_image":[{"width":2560,"height":1707,"url":"https:\/\/www.conica.com\/wp-content\/uploads\/2021\/09\/UJ15162-01-1-scaled.jpg","type":"image\/jpeg"}],"author":"Michelle Ebner","twitter_card":"summary_large_image","twitter_misc":{"Verfasst von":"Michelle Ebner","Gesch\u00e4tzte Lesezeit":"2\u00a0Minuten"},"schema":{"@context":"https:\/\/schema.org","@graph":[{"@type":"Article","@id":"https:\/\/www.conica.com\/de\/weltklasse-zuerich-2021-im-stadion-und-in-der-stadt\/#article","isPartOf":{"@id":"https:\/\/www.conica.com\/de\/weltklasse-zuerich-2021-im-stadion-und-in-der-stadt\/"},"author":{"name":"Michelle Ebner","@id":"https:\/\/www.conica.com\/it\/#\/schema\/person\/e2170a23e5f06c07efa948cbda6bef06"},"headline":"Weltklasse Z\u00fcrich 2021 im Stadion und in der Stadt","datePublished":"2021-09-24T07:20:40+00:00","dateModified":"2025-08-12T14:10:13+00:00","mainEntityOfPage":{"@id":"https:\/\/www.conica.com\/de\/weltklasse-zuerich-2021-im-stadion-und-in-der-stadt\/"},"wordCount":331,"publisher":{"@id":"https:\/\/www.conica.com\/it\/#organization"},"image":{"@id":"https:\/\/www.conica.com\/de\/weltklasse-zuerich-2021-im-stadion-und-in-der-stadt\/#primaryimage"},"thumbnailUrl":"https:\/\/www.conica.com\/wp-content\/uploads\/2021\/09\/UJ15162-01-1-scaled.jpg","articleSection":["News","PM"],"inLanguage":"de"},{"@type":"WebPage","@id":"https:\/\/www.conica.com\/de\/weltklasse-zuerich-2021-im-stadion-und-in-der-stadt\/","url":"https:\/\/www.conica.com\/de\/weltklasse-zuerich-2021-im-stadion-und-in-der-stadt\/","name":"Weltklasse Z\u00fcrich 2021 im Stadion und in der Stadt - CONICA AG","isPartOf":{"@id":"https:\/\/www.conica.com\/it\/#website"},"primaryImageOfPage":{"@id":"https:\/\/www.conica.com\/de\/weltklasse-zuerich-2021-im-stadion-und-in-der-stadt\/#primaryimage"},"image":{"@id":"https:\/\/www.conica.com\/de\/weltklasse-zuerich-2021-im-stadion-und-in-der-stadt\/#primaryimage"},"thumbnailUrl":"https:\/\/www.conica.com\/wp-content\/uploads\/2021\/09\/UJ15162-01-1-scaled.jpg","datePublished":"2021-09-24T07:20:40+00:00","dateModified":"2025-08-12T14:10:13+00:00","breadcrumb":{"@id":"https:\/\/www.conica.com\/de\/weltklasse-zuerich-2021-im-stadion-und-in-der-stadt\/#breadcrumb"},"inLanguage":"de","potentialAction":[{"@type":"ReadAction","target":["https:\/\/www.conica.com\/de\/weltklasse-zuerich-2021-im-stadion-und-in-der-stadt\/"]}]},{"@type":"ImageObject","inLanguage":"de","@id":"https:\/\/www.conica.com\/de\/weltklasse-zuerich-2021-im-stadion-und-in-der-stadt\/#primaryimage","url":"https:\/\/www.conica.com\/wp-content\/uploads\/2021\/09\/UJ15162-01-1-scaled.jpg","contentUrl":"https:\/\/www.conica.com\/wp-content\/uploads\/2021\/09\/UJ15162-01-1-scaled.jpg","width":2560,"height":1707,"caption":"A general view shows the Weltklasse Zuerich, Diamond League meeting at the Sechselaeutenplatz on Wednesday, September 8, 2021 in Zurich, Switzerland. (Weltklasse Zuerich\/Urs Jaudas)"},{"@type":"BreadcrumbList","@id":"https:\/\/www.conica.com\/de\/weltklasse-zuerich-2021-im-stadion-und-in-der-stadt\/#breadcrumb","itemListElement":[{"@type":"ListItem","position":1,"name":"Home","item":"https:\/\/www.conica.com\/de\/"},{"@type":"ListItem","position":2,"name":"Weltklasse Z\u00fcrich 2021 im Stadion und in der Stadt"}]},{"@type":"WebSite","@id":"https:\/\/www.conica.com\/it\/#website","url":"https:\/\/www.conica.com\/it\/","name":"CONICA AG","description":"Sport-, Playground- und Functional Flooring Bel\u00e4ge","publisher":{"@id":"https:\/\/www.conica.com\/it\/#organization"},"potentialAction":[{"@type":"SearchAction","target":{"@type":"EntryPoint","urlTemplate":"https:\/\/www.conica.com\/it\/?s={search_term_string}"},"query-input":{"@type":"PropertyValueSpecification","valueRequired":true,"valueName":"search_term_string"}}],"inLanguage":"de"},{"@type":"Organization","@id":"https:\/\/www.conica.com\/it\/#organization","name":"CONICA AG","url":"https:\/\/www.conica.com\/it\/","logo":{"@type":"ImageObject","inLanguage":"de","@id":"https:\/\/www.conica.com\/it\/#\/schema\/logo\/image\/","url":"https:\/\/www.conica.com\/wp-content\/uploads\/2020\/04\/logo_conica-01.svg","contentUrl":"https:\/\/www.conica.com\/wp-content\/uploads\/2020\/04\/logo_conica-01.svg","caption":"CONICA AG"},"image":{"@id":"https:\/\/www.conica.com\/it\/#\/schema\/logo\/image\/"}},{"@type":"Person","@id":"https:\/\/www.conica.com\/it\/#\/schema\/person\/e2170a23e5f06c07efa948cbda6bef06","name":"Michelle Ebner","image":{"@type":"ImageObject","inLanguage":"de","@id":"https:\/\/secure.gravatar.com\/avatar\/6d9390cbb6fc8f4c1a904247ff8b12f70826bd48fada6c883b5634d068b4150b?s=96&d=mm&r=g","url":"https:\/\/secure.gravatar.com\/avatar\/6d9390cbb6fc8f4c1a904247ff8b12f70826bd48fada6c883b5634d068b4150b?s=96&d=mm&r=g","contentUrl":"https:\/\/secure.gravatar.com\/avatar\/6d9390cbb6fc8f4c1a904247ff8b12f70826bd48fada6c883b5634d068b4150b?s=96&d=mm&r=g","caption":"Michelle Ebner"}}]}},"featured_image_src":"https:\/\/www.conica.com\/wp-content\/uploads\/2021\/09\/UJ15162-01-1-600x400.jpg","featured_image_src_square":"https:\/\/www.conica.com\/wp-content\/uploads\/2021\/09\/UJ15162-01-1-600x600.jpg","author_info":{"display_name":"Michelle Ebner","author_link":"https:\/\/www.conica.com\/de\/author\/michelle-ebner\/"},"uagb_featured_image_src":{"full":["https:\/\/www.conica.com\/wp-content\/uploads\/2021\/09\/UJ15162-01-1-scaled.jpg",2560,1707,false],"thumbnail":["https:\/\/www.conica.com\/wp-content\/uploads\/2021\/09\/UJ15162-01-1-150x150.jpg",150,150,true],"medium":["https:\/\/www.conica.com\/wp-content\/uploads\/2021\/09\/UJ15162-01-1-300x200.jpg",300,200,true],"medium_large":["https:\/\/www.conica.com\/wp-content\/uploads\/2021\/09\/UJ15162-01-1-768x512.jpg",768,512,true],"large":["https:\/\/www.conica.com\/wp-content\/uploads\/2021\/09\/UJ15162-01-1-1024x683.jpg",1024,683,true],"gs-tiny":["https:\/\/www.conica.com\/wp-content\/uploads\/2021\/09\/UJ15162-01-1-scaled.jpg",50,33,false],"xl":["https:\/\/www.conica.com\/wp-content\/uploads\/2021\/09\/UJ15162-01-1-1600x1067.jpg",1600,1067,true],"xxl":["https:\/\/www.conica.com\/wp-content\/uploads\/2021\/09\/UJ15162-01-1-2200x1467.jpg",2200,1467,true],"xxxl":["https:\/\/www.conica.com\/wp-content\/uploads\/2021\/09\/UJ15162-01-1-2800x1867.jpg",2800,1867,true],"xxxxl":["https:\/\/www.conica.com\/wp-content\/uploads\/2021\/09\/UJ15162-01-1-3400x2267.jpg",3400,2267,true],"xxxxxl":["https:\/\/www.conica.com\/wp-content\/uploads\/2021\/09\/UJ15162-01-1-4000x2667.jpg",4000,2667,true],"gts-thumbnail":["https:\/\/www.conica.com\/wp-content\/uploads\/2021\/09\/UJ15162-01-1-100x100.jpg",100,100,true],"1536x1536":["https:\/\/www.conica.com\/wp-content\/uploads\/2021\/09\/UJ15162-01-1-1536x1024.jpg",1536,1024,true],"2048x2048":["https:\/\/www.conica.com\/wp-content\/uploads\/2021\/09\/UJ15162-01-1-2048x1365.jpg",2048,1365,true],"sidebar-featured":["https:\/\/www.conica.com\/wp-content\/uploads\/2021\/09\/UJ15162-01-1-75x75.jpg",75,75,true],"genesis-singular-images":["https:\/\/www.conica.com\/wp-content\/uploads\/2021\/09\/UJ15162-01-1-702x526.jpg",702,526,true],"ab-block-post-grid-landscape":["https:\/\/www.conica.com\/wp-content\/uploads\/2021\/09\/UJ15162-01-1-600x400.jpg",600,400,true],"ab-block-post-grid-square":["https:\/\/www.conica.com\/wp-content\/uploads\/2021\/09\/UJ15162-01-1-600x600.jpg",600,600,true],"gform-image-choice-sm":["https:\/\/www.conica.com\/wp-content\/uploads\/2021\/09\/UJ15162-01-1-scaled.jpg",300,200,false],"gform-image-choice-md":["https:\/\/www.conica.com\/wp-content\/uploads\/2021\/09\/UJ15162-01-1-scaled.jpg",400,267,false],"gform-image-choice-lg":["https:\/\/www.conica.com\/wp-content\/uploads\/2021\/09\/UJ15162-01-1-scaled.jpg",600,400,false]},"uagb_author_info":{"display_name":"Michelle Ebner","author_link":"https:\/\/www.conica.com\/de\/author\/michelle-ebner\/"},"uagb_comment_info":0,"uagb_excerpt":"F\u00fcr den Sechsl\u00e4utenplatz baute der Schweizer Spezialist Conica in einer Rekordzeit von nur zwei Tagen eigens eine neue 560 Meter lange Laufbahn auf, die damit die bisher l\u00e4ngste mobile Laufbahn der Welt darstellt. Diese wurde nicht wie sonst \u00fcblich im Spritztechnikverfahren aufgetragen, sondern der Kunststoffbelag des Weltklasse Z\u00fcrich-Partners wurde vorproduziert und dann einmalig ausgerollt. Schon&hellip;","_links":{"self":[{"href":"https:\/\/www.conica.com\/de\/wp-json\/wp\/v2\/posts\/20477","targetHints":{"allow":["GET"]}}],"collection":[{"href":"https:\/\/www.conica.com\/de\/wp-json\/wp\/v2\/posts"}],"about":[{"href":"https:\/\/www.conica.com\/de\/wp-json\/wp\/v2\/types\/post"}],"author":[{"embeddable":true,"href":"https:\/\/www.conica.com\/de\/wp-json\/wp\/v2\/users\/172"}],"replies":[{"embeddable":true,"href":"https:\/\/www.conica.com\/de\/wp-json\/wp\/v2\/comments?post=20477"}],"version-history":[{"count":1,"href":"https:\/\/www.conica.com\/de\/wp-json\/wp\/v2\/posts\/20477\/revisions"}],"predecessor-version":[{"id":44830,"href":"https:\/\/www.conica.com\/de\/wp-json\/wp\/v2\/posts\/20477\/revisions\/44830"}],"wp:featuredmedia":[{"embeddable":true,"href":"https:\/\/www.conica.com\/de\/wp-json\/wp\/v2\/media\/20516"}],"wp:attachment":[{"href":"https:\/\/www.conica.com\/de\/wp-json\/wp\/v2\/media?parent=20477"}],"wp:term":[{"taxonomy":"category","embeddable":true,"href":"https:\/\/www.conica.com\/de\/wp-json\/wp\/v2\/categories?post=20477"},{"taxonomy":"post_tag","embeddable":true,"href":"https:\/\/www.conica.com\/de\/wp-json\/wp\/v2\/tags?post=20477"},{"taxonomy":"locations_categories","embeddable":true,"href":"https:\/\/www.conica.com\/de\/wp-json\/wp\/v2\/locations_categories?post=20477"}],"curies":[{"name":"wp","href":"https:\/\/api.w.org\/{rel}","templated":true}]}}