{"id":24327,"date":"2021-12-20T10:22:08","date_gmt":"2021-12-20T09:22:08","guid":{"rendered":"https:\/\/www.conica.com\/?p=24327"},"modified":"2025-08-12T16:08:36","modified_gmt":"2025-08-12T14:08:36","slug":"conifloor-ips-schutz-gegen-radon-im-innenbereich","status":"publish","type":"post","link":"https:\/\/www.conica.com\/de\/conifloor-ips-schutz-gegen-radon-im-innenbereich\/","title":{"rendered":"CONIFLOOR IPS \u2013 Schutz gegen Radon im Innenbereich"},"content":{"rendered":"<div class=\"wp-block-atomic-blocks-ab-container ab-block-container alignfull\">\r\n    <div class=\"ab-container-inside\">\r\n        <div class=\"ab-container-content\">\r\n            <div class=\"wp-block-atomic-blocks-ab-columns page-intro ab-layout-columns-2 ab-2-col-equal alignwide\">\r\n                <div class=\"ab-layout-column-wrap ab-block-layout-column-gap-2 ab-is-responsive-column\">\r\n                    <div class=\"wp-block-atomic-blocks-ab-column ab-block-layout-column\">\r\n                        <div class=\"ab-block-layout-column-inner news-header\">\r\n                            <h1>CONIFLOOR IPS \u2013 Schutz gegen Radon im Innenbereich<\/h1>\r\n                            <p>20. Dezember 2021<\/p>\r\n                        <\/div>\r\n                    <\/div>\r\n                    <div class=\"wp-block-atomic-blocks-ab-column ab-block-layout-column\">\r\n                        <div class=\"ab-block-layout-column-inner\">\r\n                            <p> <\/p>\r\n                        <\/div>\r\n                    <\/div>\r\n                <\/div>\r\n            <\/div>\r\n        <\/div>\r\n    <\/div>\r\n<\/div>\r\n\n\n\n<p>Die Europ\u00e4ische Union hat bereits im Jahr 2013 mit der Richtlinie 2013\/59\/EURATOM des Rates vom 5. Dezember 2013 zur Festlegung grundlegender Sicherheitsnormen f\u00fcr den Schutz vor den Gefahren einer Exposition gegen\u00fcber ionisierender Strahlung und zur Aufhebung der Richtlinien 89\/618\/Euratom, 90\/641\/Euratom, 96\/29\/Euratom, 97\/43\/Euratom und 2003\/122\/Euratom einen Massnahmenkatalog zum Schutz gegen Radon in Innenr\u00e4umen und den daraus resultierenden gesundheitlichen Gefahren verabschiedet.<\/p>\n\n\n\n<p>Radon ist ein nat\u00fcrliches Edelgas, das \u00fcberall in der Umwelt vorkommt, verst\u00e4rkt in Regionen mit Granit- und Kalkvorkommen. Das Gas dringt aus dem Untergrund durch Risse, Fugen und nicht gasdichte Durchf\u00fchrungen im Geb\u00e4ude ein und reichert sich dort an. Zu einem geringen Teil kann das Gas auch aus Baumaterialien und aus Trink- und Brauchwasser in Geb\u00e4ude gelangen &#8211; dort kann Radon Lungenkrebs verursachen.<\/p>\n\n\n\n<p>Das Gas kann sich in alle R\u00e4ume ausbreiten. In der Regel ist die Konzentration im Keller und im Erdgeschoss am h\u00f6chsten. In h\u00f6heren Etagen nimmt die Radon-Konzentration \u00fcblicherweise ab, weil sich das aus dem Geb\u00e4udeuntergrund eindringende Radon in den h\u00f6heren Etagen mehr und mehr mit radonarmer Au\u00dfenluft vermischt.<\/p>\n\n\n\n<div class=\"wp-block-image is-style-default\"><figure class=\"aligncenter size-full is-resized\"><img decoding=\"async\" src=\"https:\/\/www.conica.com\/wp-content\/uploads\/2021\/12\/Haus.jpg\" alt=\"\" class=\"wp-image-24389\" width=\"719\" height=\"536\"\/><figcaption> Nat\u00fcrliches Radongas kann durch Risse in der Bodenplatte, Wanddurchf\u00fchrungen und \u00e4hnlichem in das Geb\u00e4ude eindringen.  <br>Bildquelle: Bundesamt f\u00fcr Strahlenschutz (D) <\/figcaption><\/figure><\/div>\n\n\n\n<p>Je nach Region ist die Gefahr von Radon aus dem Untergrund h\u00f6her oder geringer und von den Gesundheits\u00e4mtern oder \u00c4mtern f\u00fcr Strahlenschutz werden k\u00fcnftig bauliche Massnahmen zur Reduzierung der Radongefahr verbindlich. Das gilt zum Beispiel f\u00fcr Aufenthalts- und Unterrichtsr\u00e4ume in Schulen und Kinderg\u00e4rten aber auch an gewerblichen Arbeitspl\u00e4tzen, wenn hier die Gefahr besteht, dass die empfohlenen maximalen Grenzwerte von 300 Bq\/m\u00b3 \u00fcberschritten werden k\u00f6nnen.<\/p>\n\n\n\n<p>Das Beschichtungssystem CONIFLOOR IPS auf Basis statisch riss\u00fcberbr\u00fcckenden, emissionsarmen Polyurethanharzen wurde beim Labor f\u00fcr Radionuklidanalytik und Radiologische Gutachten, IAF Radio\u00f6kologie (Radeberg), in anerkannten Messverfahren gepr\u00fcft und f\u00fcr die entsprechende Radondichtigkeit best\u00e4tigt.<\/p>\n\n\n\n<p>CONIFLOOR IPS wurde in einer Gesamtschichtst\u00e4rke inkl. Epoxidharzgrundierung von 2,0 mm gepr\u00fcft und zeichnet sich durch eine zus\u00e4tzliche statische Riss\u00fcberbr\u00fcckung von bis zu 1,4 mm (EN 1062-7) bei 23\u00b0C aus und ist nach den hohen Anforderungen T\u00dcV Proficert Interior PREMIUM als emissionsarmes Bauprodukt gepr\u00fcft und fremd\u00fcberwacht.CONIFLOOR IPS kann auch unter anderen Beschichtungssystemen auf Polyurethanharzbasis im Industrie-, dekorativen oder Sportbodenbereich als Radon dichte Beschichtung angewendet werden.<\/p>\n\n\n\n<figure class=\"wp-block-gallery columns-1 is-cropped wp-block-gallery-1 is-layout-flex wp-block-gallery-is-layout-flex\"><ul class=\"blocks-gallery-grid\"><li class=\"blocks-gallery-item\"><figure><img decoding=\"async\" width=\"1024\" height=\"513\" src=\"https:\/\/www.conica.com\/wp-content\/uploads\/2021\/12\/CONIFLOOR_IPS_Rendering_2020_CONICA-1024x513.jpg\" alt=\"\" data-id=\"24394\" class=\"wp-image-24394\" srcset=\"https:\/\/www.conica.com\/wp-content\/uploads\/2021\/12\/CONIFLOOR_IPS_Rendering_2020_CONICA-1024x513.jpg 1024w, https:\/\/www.conica.com\/wp-content\/uploads\/2021\/12\/CONIFLOOR_IPS_Rendering_2020_CONICA-300x150.jpg 300w, https:\/\/www.conica.com\/wp-content\/uploads\/2021\/12\/CONIFLOOR_IPS_Rendering_2020_CONICA-768x385.jpg 768w, https:\/\/www.conica.com\/wp-content\/uploads\/2021\/12\/CONIFLOOR_IPS_Rendering_2020_CONICA-1536x769.jpg 1536w, https:\/\/www.conica.com\/wp-content\/uploads\/2021\/12\/CONIFLOOR_IPS_Rendering_2020_CONICA-2048x1026.jpg 2048w, https:\/\/www.conica.com\/wp-content\/uploads\/2021\/12\/CONIFLOOR_IPS_Rendering_2020_CONICA-1600x801.jpg 1600w\" sizes=\"(max-width: 1024px) 100vw, 1024px\" \/><figcaption class=\"blocks-gallery-item__caption\"> <strong><em>1<\/em><\/strong> <strong><em>Grundierung<\/em><\/strong> <br><strong><em>2<\/em><\/strong> <strong><em>Verlaufsbeschichtung<\/em><\/strong> &nbsp; &nbsp; <\/figcaption><\/figure><\/li><\/ul><\/figure>\n\n\n\n<figure class=\"wp-block-image size-large is-style-default\"><img decoding=\"async\" width=\"1024\" height=\"414\" src=\"https:\/\/www.conica.com\/wp-content\/uploads\/2020\/08\/Deco-21-1024x414.jpg\" alt=\"\" class=\"wp-image-4233\" srcset=\"https:\/\/www.conica.com\/wp-content\/uploads\/2020\/08\/Deco-21-1024x414.jpg 1024w, https:\/\/www.conica.com\/wp-content\/uploads\/2020\/08\/Deco-21-300x121.jpg 300w, https:\/\/www.conica.com\/wp-content\/uploads\/2020\/08\/Deco-21-768x311.jpg 768w, https:\/\/www.conica.com\/wp-content\/uploads\/2020\/08\/Deco-21-1536x621.jpg 1536w, https:\/\/www.conica.com\/wp-content\/uploads\/2020\/08\/Deco-21-2048x828.jpg 2048w, https:\/\/www.conica.com\/wp-content\/uploads\/2020\/08\/Deco-21-1600x647.jpg 1600w\" sizes=\"(max-width: 1024px) 100vw, 1024px\" \/><\/figure>\n\n\n\n<p>Somit verhindert und verringert CONIFLOOR IPS die Radon Diffusion in Untergeschosse und in dar\u00fcber liegende Aufenthaltsbereiche in Neubauten aber auch in bestehenden Geb\u00e4uden bei Aus- und Umbau. Die entsprechenden Zertifikate erhalten Sie gerne auf Anfrage \u00fcber Ihren Verkaufsberater oder unseren Kundenservice in Schaffhausen.<\/p>\n\n\n\n<p><\/p>\n\n\n\n<div style=\"text-align:center\" class=\"wp-block-atomic-blocks-ab-cta ab-block-cta\"><div class=\"ab-cta-content\"><h2 class=\"ab-cta-title ab-font-size-32\" style=\"color:#32373c\"><\/h2><div class=\"ab-cta-text ab-font-size-32\" style=\"color:#32373c\"><\/div><\/div><div class=\"ab-cta-button\"><a href=\"https:\/\/www.conica.com\/conica-ag-2\/contact-us\/\" target=\"_self\" rel=\"noopener noreferrer\" class=\"ab-button ab-button-shape-rounded ab-button-size-medium\" style=\"color:#ffffff;background-color:#3373dc\">Kontakt<\/a><\/div><\/div>\n","protected":false},"excerpt":{"rendered":"<p>Die Europ\u00e4ische Union hat bereits im Jahr 2013 mit der Richtlinie 2013\/59\/EURATOM des Rates vom 5. Dezember 2013 zur Festlegung grundlegender Sicherheitsnormen f\u00fcr den Schutz vor den Gefahren einer Exposition gegen\u00fcber ionisierender Strahlung und zur Aufhebung der Richtlinien 89\/618\/Euratom, 90\/641\/Euratom, 96\/29\/Euratom, 97\/43\/Euratom und 2003\/122\/Euratom einen Massnahmenkatalog zum Schutz gegen Radon in Innenr\u00e4umen und den daraus [&hellip;]<\/p>\n","protected":false},"author":172,"featured_media":24389,"comment_status":"closed","ping_status":"closed","sticky":false,"template":"","format":"standard","meta":{"_acf_changed":false,"_uag_custom_page_level_css":"","_genesis_hide_title":false,"_genesis_hide_breadcrumbs":false,"_genesis_hide_singular_image":false,"_genesis_custom_body_class":"","_genesis_custom_post_class":"","_genesis_layout":"","footnotes":""},"categories":[587],"tags":[],"locations_categories":[80,81,82,83],"class_list":{"0":"post-24327","1":"post","2":"type-post","3":"status-publish","4":"format-standard","5":"has-post-thumbnail","7":"category-pm","8":"locations_categories-functional-flooring","9":"locations_categories-industrial-flooring","10":"locations_categories-playgrounds","11":"locations_categories-sports-flooring","12":"entry"},"acf":[],"yoast_head":"<!-- This site is optimized with the Yoast SEO plugin v27.4 - https:\/\/yoast.com\/product\/yoast-seo-wordpress\/ -->\n<title>CONIFLOOR IPS \u2013 Schutz gegen Radon im Innenbereich - CONICA AG<\/title>\n<meta name=\"robots\" content=\"index, follow, max-snippet:-1, max-image-preview:large, max-video-preview:-1\" \/>\n<link rel=\"canonical\" href=\"https:\/\/www.conica.com\/de\/conifloor-ips-schutz-gegen-radon-im-innenbereich\/\" \/>\n<meta property=\"og:locale\" content=\"de_DE\" \/>\n<meta property=\"og:type\" content=\"article\" \/>\n<meta property=\"og:title\" content=\"CONIFLOOR IPS \u2013 Schutz gegen Radon im Innenbereich - CONICA AG\" \/>\n<meta property=\"og:description\" content=\"Die Europ\u00e4ische Union hat bereits im Jahr 2013 mit der Richtlinie 2013\/59\/EURATOM des Rates vom 5. Dezember 2013 zur Festlegung grundlegender Sicherheitsnormen f\u00fcr den Schutz vor den Gefahren einer Exposition gegen\u00fcber ionisierender Strahlung und zur Aufhebung der Richtlinien 89\/618\/Euratom, 90\/641\/Euratom, 96\/29\/Euratom, 97\/43\/Euratom und 2003\/122\/Euratom einen Massnahmenkatalog zum Schutz gegen Radon in Innenr\u00e4umen und den daraus [&hellip;]\" \/>\n<meta property=\"og:url\" content=\"https:\/\/www.conica.com\/de\/conifloor-ips-schutz-gegen-radon-im-innenbereich\/\" \/>\n<meta property=\"og:site_name\" content=\"CONICA AG\" \/>\n<meta property=\"article:published_time\" content=\"2021-12-20T09:22:08+00:00\" \/>\n<meta property=\"article:modified_time\" content=\"2025-08-12T14:08:36+00:00\" \/>\n<meta property=\"og:image\" content=\"https:\/\/www.conica.com\/wp-content\/uploads\/2021\/12\/Haus.jpg\" \/>\n\t<meta property=\"og:image:width\" content=\"507\" \/>\n\t<meta property=\"og:image:height\" content=\"380\" \/>\n\t<meta property=\"og:image:type\" content=\"image\/jpeg\" \/>\n<meta name=\"author\" content=\"Michelle Ebner\" \/>\n<meta name=\"twitter:card\" content=\"summary_large_image\" \/>\n<meta name=\"twitter:label1\" content=\"Verfasst von\" \/>\n\t<meta name=\"twitter:data1\" content=\"Michelle Ebner\" \/>\n\t<meta name=\"twitter:label2\" content=\"Gesch\u00e4tzte Lesezeit\" \/>\n\t<meta name=\"twitter:data2\" content=\"3\u00a0Minuten\" \/>\n<script type=\"application\/ld+json\" class=\"yoast-schema-graph\">{\"@context\":\"https:\\\/\\\/schema.org\",\"@graph\":[{\"@type\":\"Article\",\"@id\":\"https:\\\/\\\/www.conica.com\\\/de\\\/conifloor-ips-schutz-gegen-radon-im-innenbereich\\\/#article\",\"isPartOf\":{\"@id\":\"https:\\\/\\\/www.conica.com\\\/de\\\/conifloor-ips-schutz-gegen-radon-im-innenbereich\\\/\"},\"author\":{\"name\":\"Michelle Ebner\",\"@id\":\"https:\\\/\\\/www.conica.com\\\/it\\\/#\\\/schema\\\/person\\\/e2170a23e5f06c07efa948cbda6bef06\"},\"headline\":\"CONIFLOOR IPS \u2013 Schutz gegen Radon im Innenbereich\",\"datePublished\":\"2021-12-20T09:22:08+00:00\",\"dateModified\":\"2025-08-12T14:08:36+00:00\",\"mainEntityOfPage\":{\"@id\":\"https:\\\/\\\/www.conica.com\\\/de\\\/conifloor-ips-schutz-gegen-radon-im-innenbereich\\\/\"},\"wordCount\":446,\"publisher\":{\"@id\":\"https:\\\/\\\/www.conica.com\\\/it\\\/#organization\"},\"image\":{\"@id\":\"https:\\\/\\\/www.conica.com\\\/de\\\/conifloor-ips-schutz-gegen-radon-im-innenbereich\\\/#primaryimage\"},\"thumbnailUrl\":\"https:\\\/\\\/www.conica.com\\\/wp-content\\\/uploads\\\/2021\\\/12\\\/Haus.jpg\",\"articleSection\":[\"PM\"],\"inLanguage\":\"de\"},{\"@type\":\"WebPage\",\"@id\":\"https:\\\/\\\/www.conica.com\\\/de\\\/conifloor-ips-schutz-gegen-radon-im-innenbereich\\\/\",\"url\":\"https:\\\/\\\/www.conica.com\\\/de\\\/conifloor-ips-schutz-gegen-radon-im-innenbereich\\\/\",\"name\":\"CONIFLOOR IPS \u2013 Schutz gegen Radon im Innenbereich - CONICA AG\",\"isPartOf\":{\"@id\":\"https:\\\/\\\/www.conica.com\\\/it\\\/#website\"},\"primaryImageOfPage\":{\"@id\":\"https:\\\/\\\/www.conica.com\\\/de\\\/conifloor-ips-schutz-gegen-radon-im-innenbereich\\\/#primaryimage\"},\"image\":{\"@id\":\"https:\\\/\\\/www.conica.com\\\/de\\\/conifloor-ips-schutz-gegen-radon-im-innenbereich\\\/#primaryimage\"},\"thumbnailUrl\":\"https:\\\/\\\/www.conica.com\\\/wp-content\\\/uploads\\\/2021\\\/12\\\/Haus.jpg\",\"datePublished\":\"2021-12-20T09:22:08+00:00\",\"dateModified\":\"2025-08-12T14:08:36+00:00\",\"breadcrumb\":{\"@id\":\"https:\\\/\\\/www.conica.com\\\/de\\\/conifloor-ips-schutz-gegen-radon-im-innenbereich\\\/#breadcrumb\"},\"inLanguage\":\"de\",\"potentialAction\":[{\"@type\":\"ReadAction\",\"target\":[\"https:\\\/\\\/www.conica.com\\\/de\\\/conifloor-ips-schutz-gegen-radon-im-innenbereich\\\/\"]}]},{\"@type\":\"ImageObject\",\"inLanguage\":\"de\",\"@id\":\"https:\\\/\\\/www.conica.com\\\/de\\\/conifloor-ips-schutz-gegen-radon-im-innenbereich\\\/#primaryimage\",\"url\":\"https:\\\/\\\/www.conica.com\\\/wp-content\\\/uploads\\\/2021\\\/12\\\/Haus.jpg\",\"contentUrl\":\"https:\\\/\\\/www.conica.com\\\/wp-content\\\/uploads\\\/2021\\\/12\\\/Haus.jpg\",\"width\":507,\"height\":380},{\"@type\":\"BreadcrumbList\",\"@id\":\"https:\\\/\\\/www.conica.com\\\/de\\\/conifloor-ips-schutz-gegen-radon-im-innenbereich\\\/#breadcrumb\",\"itemListElement\":[{\"@type\":\"ListItem\",\"position\":1,\"name\":\"Home\",\"item\":\"https:\\\/\\\/www.conica.com\\\/de\\\/\"},{\"@type\":\"ListItem\",\"position\":2,\"name\":\"CONIFLOOR IPS \u2013 Schutz gegen Radon im Innenbereich\"}]},{\"@type\":\"WebSite\",\"@id\":\"https:\\\/\\\/www.conica.com\\\/it\\\/#website\",\"url\":\"https:\\\/\\\/www.conica.com\\\/it\\\/\",\"name\":\"CONICA AG\",\"description\":\"Sport-, Playground- und Functional Flooring Bel\u00e4ge\",\"publisher\":{\"@id\":\"https:\\\/\\\/www.conica.com\\\/it\\\/#organization\"},\"potentialAction\":[{\"@type\":\"SearchAction\",\"target\":{\"@type\":\"EntryPoint\",\"urlTemplate\":\"https:\\\/\\\/www.conica.com\\\/it\\\/?s={search_term_string}\"},\"query-input\":{\"@type\":\"PropertyValueSpecification\",\"valueRequired\":true,\"valueName\":\"search_term_string\"}}],\"inLanguage\":\"de\"},{\"@type\":\"Organization\",\"@id\":\"https:\\\/\\\/www.conica.com\\\/it\\\/#organization\",\"name\":\"CONICA AG\",\"url\":\"https:\\\/\\\/www.conica.com\\\/it\\\/\",\"logo\":{\"@type\":\"ImageObject\",\"inLanguage\":\"de\",\"@id\":\"https:\\\/\\\/www.conica.com\\\/it\\\/#\\\/schema\\\/logo\\\/image\\\/\",\"url\":\"https:\\\/\\\/www.conica.com\\\/wp-content\\\/uploads\\\/2020\\\/04\\\/logo_conica-01.svg\",\"contentUrl\":\"https:\\\/\\\/www.conica.com\\\/wp-content\\\/uploads\\\/2020\\\/04\\\/logo_conica-01.svg\",\"caption\":\"CONICA AG\"},\"image\":{\"@id\":\"https:\\\/\\\/www.conica.com\\\/it\\\/#\\\/schema\\\/logo\\\/image\\\/\"}},{\"@type\":\"Person\",\"@id\":\"https:\\\/\\\/www.conica.com\\\/it\\\/#\\\/schema\\\/person\\\/e2170a23e5f06c07efa948cbda6bef06\",\"name\":\"Michelle Ebner\",\"image\":{\"@type\":\"ImageObject\",\"inLanguage\":\"de\",\"@id\":\"https:\\\/\\\/secure.gravatar.com\\\/avatar\\\/6d9390cbb6fc8f4c1a904247ff8b12f70826bd48fada6c883b5634d068b4150b?s=96&d=mm&r=g\",\"url\":\"https:\\\/\\\/secure.gravatar.com\\\/avatar\\\/6d9390cbb6fc8f4c1a904247ff8b12f70826bd48fada6c883b5634d068b4150b?s=96&d=mm&r=g\",\"contentUrl\":\"https:\\\/\\\/secure.gravatar.com\\\/avatar\\\/6d9390cbb6fc8f4c1a904247ff8b12f70826bd48fada6c883b5634d068b4150b?s=96&d=mm&r=g\",\"caption\":\"Michelle Ebner\"}}]}<\/script>\n<!-- \/ Yoast SEO plugin. -->","yoast_head_json":{"title":"CONIFLOOR IPS \u2013 Schutz gegen Radon im Innenbereich - CONICA AG","robots":{"index":"index","follow":"follow","max-snippet":"max-snippet:-1","max-image-preview":"max-image-preview:large","max-video-preview":"max-video-preview:-1"},"canonical":"https:\/\/www.conica.com\/de\/conifloor-ips-schutz-gegen-radon-im-innenbereich\/","og_locale":"de_DE","og_type":"article","og_title":"CONIFLOOR IPS \u2013 Schutz gegen Radon im Innenbereich - CONICA AG","og_description":"Die Europ\u00e4ische Union hat bereits im Jahr 2013 mit der Richtlinie 2013\/59\/EURATOM des Rates vom 5. Dezember 2013 zur Festlegung grundlegender Sicherheitsnormen f\u00fcr den Schutz vor den Gefahren einer Exposition gegen\u00fcber ionisierender Strahlung und zur Aufhebung der Richtlinien 89\/618\/Euratom, 90\/641\/Euratom, 96\/29\/Euratom, 97\/43\/Euratom und 2003\/122\/Euratom einen Massnahmenkatalog zum Schutz gegen Radon in Innenr\u00e4umen und den daraus [&hellip;]","og_url":"https:\/\/www.conica.com\/de\/conifloor-ips-schutz-gegen-radon-im-innenbereich\/","og_site_name":"CONICA AG","article_published_time":"2021-12-20T09:22:08+00:00","article_modified_time":"2025-08-12T14:08:36+00:00","og_image":[{"width":507,"height":380,"url":"https:\/\/www.conica.com\/wp-content\/uploads\/2021\/12\/Haus.jpg","type":"image\/jpeg"}],"author":"Michelle Ebner","twitter_card":"summary_large_image","twitter_misc":{"Verfasst von":"Michelle Ebner","Gesch\u00e4tzte Lesezeit":"3\u00a0Minuten"},"schema":{"@context":"https:\/\/schema.org","@graph":[{"@type":"Article","@id":"https:\/\/www.conica.com\/de\/conifloor-ips-schutz-gegen-radon-im-innenbereich\/#article","isPartOf":{"@id":"https:\/\/www.conica.com\/de\/conifloor-ips-schutz-gegen-radon-im-innenbereich\/"},"author":{"name":"Michelle Ebner","@id":"https:\/\/www.conica.com\/it\/#\/schema\/person\/e2170a23e5f06c07efa948cbda6bef06"},"headline":"CONIFLOOR IPS \u2013 Schutz gegen Radon im Innenbereich","datePublished":"2021-12-20T09:22:08+00:00","dateModified":"2025-08-12T14:08:36+00:00","mainEntityOfPage":{"@id":"https:\/\/www.conica.com\/de\/conifloor-ips-schutz-gegen-radon-im-innenbereich\/"},"wordCount":446,"publisher":{"@id":"https:\/\/www.conica.com\/it\/#organization"},"image":{"@id":"https:\/\/www.conica.com\/de\/conifloor-ips-schutz-gegen-radon-im-innenbereich\/#primaryimage"},"thumbnailUrl":"https:\/\/www.conica.com\/wp-content\/uploads\/2021\/12\/Haus.jpg","articleSection":["PM"],"inLanguage":"de"},{"@type":"WebPage","@id":"https:\/\/www.conica.com\/de\/conifloor-ips-schutz-gegen-radon-im-innenbereich\/","url":"https:\/\/www.conica.com\/de\/conifloor-ips-schutz-gegen-radon-im-innenbereich\/","name":"CONIFLOOR IPS \u2013 Schutz gegen Radon im Innenbereich - CONICA AG","isPartOf":{"@id":"https:\/\/www.conica.com\/it\/#website"},"primaryImageOfPage":{"@id":"https:\/\/www.conica.com\/de\/conifloor-ips-schutz-gegen-radon-im-innenbereich\/#primaryimage"},"image":{"@id":"https:\/\/www.conica.com\/de\/conifloor-ips-schutz-gegen-radon-im-innenbereich\/#primaryimage"},"thumbnailUrl":"https:\/\/www.conica.com\/wp-content\/uploads\/2021\/12\/Haus.jpg","datePublished":"2021-12-20T09:22:08+00:00","dateModified":"2025-08-12T14:08:36+00:00","breadcrumb":{"@id":"https:\/\/www.conica.com\/de\/conifloor-ips-schutz-gegen-radon-im-innenbereich\/#breadcrumb"},"inLanguage":"de","potentialAction":[{"@type":"ReadAction","target":["https:\/\/www.conica.com\/de\/conifloor-ips-schutz-gegen-radon-im-innenbereich\/"]}]},{"@type":"ImageObject","inLanguage":"de","@id":"https:\/\/www.conica.com\/de\/conifloor-ips-schutz-gegen-radon-im-innenbereich\/#primaryimage","url":"https:\/\/www.conica.com\/wp-content\/uploads\/2021\/12\/Haus.jpg","contentUrl":"https:\/\/www.conica.com\/wp-content\/uploads\/2021\/12\/Haus.jpg","width":507,"height":380},{"@type":"BreadcrumbList","@id":"https:\/\/www.conica.com\/de\/conifloor-ips-schutz-gegen-radon-im-innenbereich\/#breadcrumb","itemListElement":[{"@type":"ListItem","position":1,"name":"Home","item":"https:\/\/www.conica.com\/de\/"},{"@type":"ListItem","position":2,"name":"CONIFLOOR IPS \u2013 Schutz gegen Radon im Innenbereich"}]},{"@type":"WebSite","@id":"https:\/\/www.conica.com\/it\/#website","url":"https:\/\/www.conica.com\/it\/","name":"CONICA AG","description":"Sport-, Playground- und Functional Flooring Bel\u00e4ge","publisher":{"@id":"https:\/\/www.conica.com\/it\/#organization"},"potentialAction":[{"@type":"SearchAction","target":{"@type":"EntryPoint","urlTemplate":"https:\/\/www.conica.com\/it\/?s={search_term_string}"},"query-input":{"@type":"PropertyValueSpecification","valueRequired":true,"valueName":"search_term_string"}}],"inLanguage":"de"},{"@type":"Organization","@id":"https:\/\/www.conica.com\/it\/#organization","name":"CONICA AG","url":"https:\/\/www.conica.com\/it\/","logo":{"@type":"ImageObject","inLanguage":"de","@id":"https:\/\/www.conica.com\/it\/#\/schema\/logo\/image\/","url":"https:\/\/www.conica.com\/wp-content\/uploads\/2020\/04\/logo_conica-01.svg","contentUrl":"https:\/\/www.conica.com\/wp-content\/uploads\/2020\/04\/logo_conica-01.svg","caption":"CONICA AG"},"image":{"@id":"https:\/\/www.conica.com\/it\/#\/schema\/logo\/image\/"}},{"@type":"Person","@id":"https:\/\/www.conica.com\/it\/#\/schema\/person\/e2170a23e5f06c07efa948cbda6bef06","name":"Michelle Ebner","image":{"@type":"ImageObject","inLanguage":"de","@id":"https:\/\/secure.gravatar.com\/avatar\/6d9390cbb6fc8f4c1a904247ff8b12f70826bd48fada6c883b5634d068b4150b?s=96&d=mm&r=g","url":"https:\/\/secure.gravatar.com\/avatar\/6d9390cbb6fc8f4c1a904247ff8b12f70826bd48fada6c883b5634d068b4150b?s=96&d=mm&r=g","contentUrl":"https:\/\/secure.gravatar.com\/avatar\/6d9390cbb6fc8f4c1a904247ff8b12f70826bd48fada6c883b5634d068b4150b?s=96&d=mm&r=g","caption":"Michelle Ebner"}}]}},"featured_image_src":"https:\/\/www.conica.com\/wp-content\/uploads\/2021\/12\/Haus.jpg","featured_image_src_square":"https:\/\/www.conica.com\/wp-content\/uploads\/2021\/12\/Haus.jpg","author_info":{"display_name":"Michelle Ebner","author_link":"https:\/\/www.conica.com\/de\/author\/michelle-ebner\/"},"uagb_featured_image_src":{"full":["https:\/\/www.conica.com\/wp-content\/uploads\/2021\/12\/Haus.jpg",507,380,false],"thumbnail":["https:\/\/www.conica.com\/wp-content\/uploads\/2021\/12\/Haus-150x150.jpg",150,150,true],"medium":["https:\/\/www.conica.com\/wp-content\/uploads\/2021\/12\/Haus-300x225.jpg",300,225,true],"medium_large":["https:\/\/www.conica.com\/wp-content\/uploads\/2021\/12\/Haus.jpg",507,380,false],"large":["https:\/\/www.conica.com\/wp-content\/uploads\/2021\/12\/Haus.jpg",507,380,false],"gs-tiny":["https:\/\/www.conica.com\/wp-content\/uploads\/2021\/12\/Haus.jpg",50,37,false],"xl":["https:\/\/www.conica.com\/wp-content\/uploads\/2021\/12\/Haus.jpg",507,380,false],"xxl":["https:\/\/www.conica.com\/wp-content\/uploads\/2021\/12\/Haus.jpg",507,380,false],"xxxl":["https:\/\/www.conica.com\/wp-content\/uploads\/2021\/12\/Haus.jpg",507,380,false],"xxxxl":["https:\/\/www.conica.com\/wp-content\/uploads\/2021\/12\/Haus.jpg",507,380,false],"xxxxxl":["https:\/\/www.conica.com\/wp-content\/uploads\/2021\/12\/Haus.jpg",507,380,false],"gts-thumbnail":["https:\/\/www.conica.com\/wp-content\/uploads\/2021\/12\/Haus-100x100.jpg",100,100,true],"1536x1536":["https:\/\/www.conica.com\/wp-content\/uploads\/2021\/12\/Haus.jpg",507,380,false],"2048x2048":["https:\/\/www.conica.com\/wp-content\/uploads\/2021\/12\/Haus.jpg",507,380,false],"sidebar-featured":["https:\/\/www.conica.com\/wp-content\/uploads\/2021\/12\/Haus-75x75.jpg",75,75,true],"genesis-singular-images":["https:\/\/www.conica.com\/wp-content\/uploads\/2021\/12\/Haus.jpg",507,380,false],"ab-block-post-grid-landscape":["https:\/\/www.conica.com\/wp-content\/uploads\/2021\/12\/Haus.jpg",507,380,false],"ab-block-post-grid-square":["https:\/\/www.conica.com\/wp-content\/uploads\/2021\/12\/Haus.jpg",507,380,false],"gform-image-choice-sm":["https:\/\/www.conica.com\/wp-content\/uploads\/2021\/12\/Haus.jpg",300,225,false],"gform-image-choice-md":["https:\/\/www.conica.com\/wp-content\/uploads\/2021\/12\/Haus.jpg",400,300,false],"gform-image-choice-lg":["https:\/\/www.conica.com\/wp-content\/uploads\/2021\/12\/Haus.jpg",507,380,false]},"uagb_author_info":{"display_name":"Michelle Ebner","author_link":"https:\/\/www.conica.com\/de\/author\/michelle-ebner\/"},"uagb_comment_info":0,"uagb_excerpt":"Die Europ\u00e4ische Union hat bereits im Jahr 2013 mit der Richtlinie 2013\/59\/EURATOM des Rates vom 5. Dezember 2013 zur Festlegung grundlegender Sicherheitsnormen f\u00fcr den Schutz vor den Gefahren einer Exposition gegen\u00fcber ionisierender Strahlung und zur Aufhebung der Richtlinien 89\/618\/Euratom, 90\/641\/Euratom, 96\/29\/Euratom, 97\/43\/Euratom und 2003\/122\/Euratom einen Massnahmenkatalog zum Schutz gegen Radon in Innenr\u00e4umen und den daraus&hellip;","_links":{"self":[{"href":"https:\/\/www.conica.com\/de\/wp-json\/wp\/v2\/posts\/24327","targetHints":{"allow":["GET"]}}],"collection":[{"href":"https:\/\/www.conica.com\/de\/wp-json\/wp\/v2\/posts"}],"about":[{"href":"https:\/\/www.conica.com\/de\/wp-json\/wp\/v2\/types\/post"}],"author":[{"embeddable":true,"href":"https:\/\/www.conica.com\/de\/wp-json\/wp\/v2\/users\/172"}],"replies":[{"embeddable":true,"href":"https:\/\/www.conica.com\/de\/wp-json\/wp\/v2\/comments?post=24327"}],"version-history":[{"count":1,"href":"https:\/\/www.conica.com\/de\/wp-json\/wp\/v2\/posts\/24327\/revisions"}],"predecessor-version":[{"id":44810,"href":"https:\/\/www.conica.com\/de\/wp-json\/wp\/v2\/posts\/24327\/revisions\/44810"}],"wp:featuredmedia":[{"embeddable":true,"href":"https:\/\/www.conica.com\/de\/wp-json\/wp\/v2\/media\/24389"}],"wp:attachment":[{"href":"https:\/\/www.conica.com\/de\/wp-json\/wp\/v2\/media?parent=24327"}],"wp:term":[{"taxonomy":"category","embeddable":true,"href":"https:\/\/www.conica.com\/de\/wp-json\/wp\/v2\/categories?post=24327"},{"taxonomy":"post_tag","embeddable":true,"href":"https:\/\/www.conica.com\/de\/wp-json\/wp\/v2\/tags?post=24327"},{"taxonomy":"locations_categories","embeddable":true,"href":"https:\/\/www.conica.com\/de\/wp-json\/wp\/v2\/locations_categories?post=24327"}],"curies":[{"name":"wp","href":"https:\/\/api.w.org\/{rel}","templated":true}]}}