{"id":2473,"date":"2018-05-17T08:03:56","date_gmt":"2018-05-17T06:03:56","guid":{"rendered":"https:\/\/www.conica.com\/?p=2473"},"modified":"2025-08-12T17:25:25","modified_gmt":"2025-08-12T15:25:25","slug":"alem-sunje-und-die-weltklasse-zurich-pokale","status":"publish","type":"post","link":"https:\/\/www.conica.com\/de\/alem-sunje-und-die-weltklasse-zurich-pokale\/","title":{"rendered":"ALEM SUNJE UND DIE WELTKLASSE Z\u00dcRICH POKALE"},"content":{"rendered":"<div class=\"wp-block-atomic-blocks-ab-container ab-block-container alignfull\">\r\n    <div class=\"ab-container-inside\">\r\n        <div class=\"ab-container-content\">\r\n            <div class=\"wp-block-atomic-blocks-ab-columns page-intro ab-layout-columns-2 ab-2-col-equal alignwide\">\r\n                <div class=\"ab-layout-column-wrap ab-block-layout-column-gap-2 ab-is-responsive-column\">\r\n                    <div class=\"wp-block-atomic-blocks-ab-column ab-block-layout-column\">\r\n                        <div class=\"ab-block-layout-column-inner news-header\">\r\n                            <h1>ALEM SUNJE UND DIE WELTKLASSE Z\u00dcRICH POKALE<\/h1>\r\n                            <p>17. Mai 2018<\/p>\r\n                        <\/div>\r\n                    <\/div>\r\n                    <div class=\"wp-block-atomic-blocks-ab-column ab-block-layout-column\">\r\n                        <div class=\"ab-block-layout-column-inner\">\r\n                            <p> Seit \u00fcber 8 Jahren veredelt Alem Sunje einen Teilbereich der begehrten Pokale von Weltklasse Z\u00fcrich.<\/p>\r\n                        <\/div>\r\n                    <\/div>\r\n                <\/div>\r\n            <\/div>\r\n        <\/div>\r\n    <\/div>\r\n<\/div>\r\n\n\n\n<div class=\"wp-block-atomic-blocks-ab-container ab-block-container alignfull\"><div class=\"ab-container-inside\"><div class=\"ab-container-content\">\n<figure class=\"wp-block-image alignfull size-full\"><img decoding=\"async\" width=\"1140\" height=\"642\" src=\"https:\/\/www.conica.com\/wp-content\/uploads\/2020\/07\/Alem_02-1140x642-1.jpg\" alt=\"\" class=\"wp-image-2475\" srcset=\"https:\/\/www.conica.com\/wp-content\/uploads\/2020\/07\/Alem_02-1140x642-1.jpg 1140w, https:\/\/www.conica.com\/wp-content\/uploads\/2020\/07\/Alem_02-1140x642-1-300x169.jpg 300w, https:\/\/www.conica.com\/wp-content\/uploads\/2020\/07\/Alem_02-1140x642-1-1024x577.jpg 1024w, https:\/\/www.conica.com\/wp-content\/uploads\/2020\/07\/Alem_02-1140x642-1-768x433.jpg 768w\" sizes=\"(max-width: 1140px) 100vw, 1140px\" \/><\/figure>\n\n\n\n<p><\/p>\n<\/div><\/div><\/div>\n\n\n\n<p>In sorgf\u00e4ltiger Handarbeit zaubert er CONICA Laufbahnbel\u00e4ge in die 3 ovalen, laufbahnf\u00f6rmigen, St\u00fctzen, die den Diamanten einfassen.<br>Die Rohlinge treffen jeweils im Fr\u00fchjahr bei der CONICA ein und Alem Sunje, zust\u00e4ndig f\u00fcr die Musterfertigung und Schmuckst\u00fccke, nimmt diese gerne entgegen.<\/p>\n\n\n\n<p>\u201eWenn die Pokale hier ankommen, bestehen sie lediglich aus drei gleichen Metallteilen, die miteinander verbunden sind. Mit grosser Sorgfalt bef\u00fclle ich dann das Innere der Formen mit einem original CONICA Bodenbelag, der normalerweise bei Laufbahnen eingesetzt wird.\u201c so Sunje. Danach gehen die Pokale wieder zur\u00fcck ins Atelier und werden mit den imposanten Diamanten und dem Sockel vervollst\u00e4ndigt.<\/p>\n\n\n\n<p>\u201eAm Athletik Meeting freuen mich dann die Momente, wo die siegreichen Athleten strahlend die Pokale in ihren H\u00e4nden halten\u201c sagt Alem Sunje freudig.<\/p>\n\n\n\n<figure class=\"wp-block-image size-large\"><img decoding=\"async\" width=\"207\" height=\"300\" src=\"https:\/\/www.conica.com\/wp-content\/uploads\/2020\/07\/Alem_03-207x300-1.jpg\" alt=\"\" class=\"wp-image-2474\"\/><\/figure>\n\n\n\n<figure class=\"wp-block-image size-large\"><img decoding=\"async\" width=\"1024\" height=\"642\" src=\"https:\/\/www.conica.com\/wp-content\/uploads\/2020\/07\/Weltklasse-Zurich-2017-10-1024x642-1.jpg\" alt=\"\" class=\"wp-image-2469\" srcset=\"https:\/\/www.conica.com\/wp-content\/uploads\/2020\/07\/Weltklasse-Zurich-2017-10-1024x642-1.jpg 1024w, https:\/\/www.conica.com\/wp-content\/uploads\/2020\/07\/Weltklasse-Zurich-2017-10-1024x642-1-300x188.jpg 300w, https:\/\/www.conica.com\/wp-content\/uploads\/2020\/07\/Weltklasse-Zurich-2017-10-1024x642-1-768x482.jpg 768w\" sizes=\"(max-width: 1024px) 100vw, 1024px\" \/><\/figure>\n","protected":false},"excerpt":{"rendered":"<p>In sorgf\u00e4ltiger Handarbeit zaubert er CONICA Laufbahnbel\u00e4ge in die 3 ovalen, laufbahnf\u00f6rmigen, St\u00fctzen, die den Diamanten einfassen.Die Rohlinge treffen jeweils im Fr\u00fchjahr bei der CONICA ein und Alem Sunje, zust\u00e4ndig f\u00fcr die Musterfertigung und Schmuckst\u00fccke, nimmt diese gerne entgegen. \u201eWenn die Pokale hier ankommen, bestehen sie lediglich aus drei gleichen Metallteilen, die miteinander verbunden sind. [&hellip;]<\/p>\n","protected":false},"author":8,"featured_media":2475,"comment_status":"closed","ping_status":"closed","sticky":false,"template":"","format":"standard","meta":{"_acf_changed":false,"_uag_custom_page_level_css":"","_genesis_hide_title":false,"_genesis_hide_breadcrumbs":false,"_genesis_hide_singular_image":false,"_genesis_custom_body_class":"","_genesis_custom_post_class":"","_genesis_layout":"","footnotes":""},"categories":[1],"tags":[],"locations_categories":[80,81,82,83],"class_list":{"0":"post-2473","1":"post","2":"type-post","3":"status-publish","4":"format-standard","5":"has-post-thumbnail","7":"category-news","8":"locations_categories-functional-flooring","9":"locations_categories-industrial-flooring","10":"locations_categories-playgrounds","11":"locations_categories-sports-flooring","12":"entry"},"acf":[],"yoast_head":"<!-- This site is optimized with the Yoast SEO plugin v27.4 - https:\/\/yoast.com\/product\/yoast-seo-wordpress\/ -->\n<title>ALEM SUNJE UND DIE WELTKLASSE Z\u00dcRICH POKALE - CONICA AG<\/title>\n<meta name=\"robots\" content=\"index, follow, max-snippet:-1, max-image-preview:large, max-video-preview:-1\" \/>\n<link rel=\"canonical\" href=\"https:\/\/www.conica.com\/de\/alem-sunje-und-die-weltklasse-zurich-pokale\/\" \/>\n<meta property=\"og:locale\" content=\"de_DE\" \/>\n<meta property=\"og:type\" content=\"article\" \/>\n<meta property=\"og:title\" content=\"ALEM SUNJE UND DIE WELTKLASSE Z\u00dcRICH POKALE - CONICA AG\" \/>\n<meta property=\"og:description\" content=\"In sorgf\u00e4ltiger Handarbeit zaubert er CONICA Laufbahnbel\u00e4ge in die 3 ovalen, laufbahnf\u00f6rmigen, St\u00fctzen, die den Diamanten einfassen.Die Rohlinge treffen jeweils im Fr\u00fchjahr bei der CONICA ein und Alem Sunje, zust\u00e4ndig f\u00fcr die Musterfertigung und Schmuckst\u00fccke, nimmt diese gerne entgegen. \u201eWenn die Pokale hier ankommen, bestehen sie lediglich aus drei gleichen Metallteilen, die miteinander verbunden sind. [&hellip;]\" \/>\n<meta property=\"og:url\" content=\"https:\/\/www.conica.com\/de\/alem-sunje-und-die-weltklasse-zurich-pokale\/\" \/>\n<meta property=\"og:site_name\" content=\"CONICA AG\" \/>\n<meta property=\"article:published_time\" content=\"2018-05-17T06:03:56+00:00\" \/>\n<meta property=\"article:modified_time\" content=\"2025-08-12T15:25:25+00:00\" \/>\n<meta property=\"og:image\" content=\"https:\/\/www.conica.com\/wp-content\/uploads\/2020\/07\/Alem_02-1140x642-1.jpg\" \/>\n\t<meta property=\"og:image:width\" content=\"1140\" \/>\n\t<meta property=\"og:image:height\" content=\"642\" \/>\n\t<meta property=\"og:image:type\" content=\"image\/jpeg\" \/>\n<meta name=\"author\" content=\"cloudweb admin\" \/>\n<meta name=\"twitter:card\" content=\"summary_large_image\" \/>\n<meta name=\"twitter:label1\" content=\"Verfasst von\" \/>\n\t<meta name=\"twitter:data1\" content=\"cloudweb admin\" \/>\n\t<meta name=\"twitter:label2\" content=\"Gesch\u00e4tzte Lesezeit\" \/>\n\t<meta name=\"twitter:data2\" content=\"1\u00a0Minute\" \/>\n<script type=\"application\/ld+json\" class=\"yoast-schema-graph\">{\"@context\":\"https:\\\/\\\/schema.org\",\"@graph\":[{\"@type\":\"Article\",\"@id\":\"https:\\\/\\\/www.conica.com\\\/de\\\/alem-sunje-und-die-weltklasse-zurich-pokale\\\/#article\",\"isPartOf\":{\"@id\":\"https:\\\/\\\/www.conica.com\\\/de\\\/alem-sunje-und-die-weltklasse-zurich-pokale\\\/\"},\"author\":{\"name\":\"cloudweb admin\",\"@id\":\"https:\\\/\\\/www.conica.com\\\/it\\\/#\\\/schema\\\/person\\\/21a28360f827ea08a260c39002caa02d\"},\"headline\":\"ALEM SUNJE UND DIE WELTKLASSE Z\u00dcRICH POKALE\",\"datePublished\":\"2018-05-17T06:03:56+00:00\",\"dateModified\":\"2025-08-12T15:25:25+00:00\",\"mainEntityOfPage\":{\"@id\":\"https:\\\/\\\/www.conica.com\\\/de\\\/alem-sunje-und-die-weltklasse-zurich-pokale\\\/\"},\"wordCount\":139,\"publisher\":{\"@id\":\"https:\\\/\\\/www.conica.com\\\/it\\\/#organization\"},\"image\":{\"@id\":\"https:\\\/\\\/www.conica.com\\\/de\\\/alem-sunje-und-die-weltklasse-zurich-pokale\\\/#primaryimage\"},\"thumbnailUrl\":\"https:\\\/\\\/www.conica.com\\\/wp-content\\\/uploads\\\/2020\\\/07\\\/Alem_02-1140x642-1.jpg\",\"articleSection\":[\"News\"],\"inLanguage\":\"de\"},{\"@type\":\"WebPage\",\"@id\":\"https:\\\/\\\/www.conica.com\\\/de\\\/alem-sunje-und-die-weltklasse-zurich-pokale\\\/\",\"url\":\"https:\\\/\\\/www.conica.com\\\/de\\\/alem-sunje-und-die-weltklasse-zurich-pokale\\\/\",\"name\":\"ALEM SUNJE UND DIE WELTKLASSE Z\u00dcRICH POKALE - CONICA AG\",\"isPartOf\":{\"@id\":\"https:\\\/\\\/www.conica.com\\\/it\\\/#website\"},\"primaryImageOfPage\":{\"@id\":\"https:\\\/\\\/www.conica.com\\\/de\\\/alem-sunje-und-die-weltklasse-zurich-pokale\\\/#primaryimage\"},\"image\":{\"@id\":\"https:\\\/\\\/www.conica.com\\\/de\\\/alem-sunje-und-die-weltklasse-zurich-pokale\\\/#primaryimage\"},\"thumbnailUrl\":\"https:\\\/\\\/www.conica.com\\\/wp-content\\\/uploads\\\/2020\\\/07\\\/Alem_02-1140x642-1.jpg\",\"datePublished\":\"2018-05-17T06:03:56+00:00\",\"dateModified\":\"2025-08-12T15:25:25+00:00\",\"breadcrumb\":{\"@id\":\"https:\\\/\\\/www.conica.com\\\/de\\\/alem-sunje-und-die-weltklasse-zurich-pokale\\\/#breadcrumb\"},\"inLanguage\":\"de\",\"potentialAction\":[{\"@type\":\"ReadAction\",\"target\":[\"https:\\\/\\\/www.conica.com\\\/de\\\/alem-sunje-und-die-weltklasse-zurich-pokale\\\/\"]}]},{\"@type\":\"ImageObject\",\"inLanguage\":\"de\",\"@id\":\"https:\\\/\\\/www.conica.com\\\/de\\\/alem-sunje-und-die-weltklasse-zurich-pokale\\\/#primaryimage\",\"url\":\"https:\\\/\\\/www.conica.com\\\/wp-content\\\/uploads\\\/2020\\\/07\\\/Alem_02-1140x642-1.jpg\",\"contentUrl\":\"https:\\\/\\\/www.conica.com\\\/wp-content\\\/uploads\\\/2020\\\/07\\\/Alem_02-1140x642-1.jpg\",\"width\":1140,\"height\":642},{\"@type\":\"BreadcrumbList\",\"@id\":\"https:\\\/\\\/www.conica.com\\\/de\\\/alem-sunje-und-die-weltklasse-zurich-pokale\\\/#breadcrumb\",\"itemListElement\":[{\"@type\":\"ListItem\",\"position\":1,\"name\":\"Home\",\"item\":\"https:\\\/\\\/www.conica.com\\\/de\\\/\"},{\"@type\":\"ListItem\",\"position\":2,\"name\":\"ALEM SUNJE UND DIE WELTKLASSE Z\u00dcRICH POKALE\"}]},{\"@type\":\"WebSite\",\"@id\":\"https:\\\/\\\/www.conica.com\\\/it\\\/#website\",\"url\":\"https:\\\/\\\/www.conica.com\\\/it\\\/\",\"name\":\"CONICA AG\",\"description\":\"Sport-, Playground- und Functional Flooring Bel\u00e4ge\",\"publisher\":{\"@id\":\"https:\\\/\\\/www.conica.com\\\/it\\\/#organization\"},\"potentialAction\":[{\"@type\":\"SearchAction\",\"target\":{\"@type\":\"EntryPoint\",\"urlTemplate\":\"https:\\\/\\\/www.conica.com\\\/it\\\/?s={search_term_string}\"},\"query-input\":{\"@type\":\"PropertyValueSpecification\",\"valueRequired\":true,\"valueName\":\"search_term_string\"}}],\"inLanguage\":\"de\"},{\"@type\":\"Organization\",\"@id\":\"https:\\\/\\\/www.conica.com\\\/it\\\/#organization\",\"name\":\"CONICA AG\",\"url\":\"https:\\\/\\\/www.conica.com\\\/it\\\/\",\"logo\":{\"@type\":\"ImageObject\",\"inLanguage\":\"de\",\"@id\":\"https:\\\/\\\/www.conica.com\\\/it\\\/#\\\/schema\\\/logo\\\/image\\\/\",\"url\":\"https:\\\/\\\/www.conica.com\\\/wp-content\\\/uploads\\\/2020\\\/04\\\/logo_conica-01.svg\",\"contentUrl\":\"https:\\\/\\\/www.conica.com\\\/wp-content\\\/uploads\\\/2020\\\/04\\\/logo_conica-01.svg\",\"caption\":\"CONICA AG\"},\"image\":{\"@id\":\"https:\\\/\\\/www.conica.com\\\/it\\\/#\\\/schema\\\/logo\\\/image\\\/\"}},{\"@type\":\"Person\",\"@id\":\"https:\\\/\\\/www.conica.com\\\/it\\\/#\\\/schema\\\/person\\\/21a28360f827ea08a260c39002caa02d\",\"name\":\"cloudweb admin\",\"image\":{\"@type\":\"ImageObject\",\"inLanguage\":\"de\",\"@id\":\"https:\\\/\\\/secure.gravatar.com\\\/avatar\\\/606f72c7df6210eef0ba3cb7dbdf2188f05a4e3d78921dd69ff68542ad576340?s=96&d=mm&r=g\",\"url\":\"https:\\\/\\\/secure.gravatar.com\\\/avatar\\\/606f72c7df6210eef0ba3cb7dbdf2188f05a4e3d78921dd69ff68542ad576340?s=96&d=mm&r=g\",\"contentUrl\":\"https:\\\/\\\/secure.gravatar.com\\\/avatar\\\/606f72c7df6210eef0ba3cb7dbdf2188f05a4e3d78921dd69ff68542ad576340?s=96&d=mm&r=g\",\"caption\":\"cloudweb admin\"}}]}<\/script>\n<!-- \/ Yoast SEO plugin. -->","yoast_head_json":{"title":"ALEM SUNJE UND DIE WELTKLASSE Z\u00dcRICH POKALE - CONICA AG","robots":{"index":"index","follow":"follow","max-snippet":"max-snippet:-1","max-image-preview":"max-image-preview:large","max-video-preview":"max-video-preview:-1"},"canonical":"https:\/\/www.conica.com\/de\/alem-sunje-und-die-weltklasse-zurich-pokale\/","og_locale":"de_DE","og_type":"article","og_title":"ALEM SUNJE UND DIE WELTKLASSE Z\u00dcRICH POKALE - CONICA AG","og_description":"In sorgf\u00e4ltiger Handarbeit zaubert er CONICA Laufbahnbel\u00e4ge in die 3 ovalen, laufbahnf\u00f6rmigen, St\u00fctzen, die den Diamanten einfassen.Die Rohlinge treffen jeweils im Fr\u00fchjahr bei der CONICA ein und Alem Sunje, zust\u00e4ndig f\u00fcr die Musterfertigung und Schmuckst\u00fccke, nimmt diese gerne entgegen. \u201eWenn die Pokale hier ankommen, bestehen sie lediglich aus drei gleichen Metallteilen, die miteinander verbunden sind. [&hellip;]","og_url":"https:\/\/www.conica.com\/de\/alem-sunje-und-die-weltklasse-zurich-pokale\/","og_site_name":"CONICA AG","article_published_time":"2018-05-17T06:03:56+00:00","article_modified_time":"2025-08-12T15:25:25+00:00","og_image":[{"width":1140,"height":642,"url":"https:\/\/www.conica.com\/wp-content\/uploads\/2020\/07\/Alem_02-1140x642-1.jpg","type":"image\/jpeg"}],"author":"cloudweb admin","twitter_card":"summary_large_image","twitter_misc":{"Verfasst von":"cloudweb admin","Gesch\u00e4tzte Lesezeit":"1\u00a0Minute"},"schema":{"@context":"https:\/\/schema.org","@graph":[{"@type":"Article","@id":"https:\/\/www.conica.com\/de\/alem-sunje-und-die-weltklasse-zurich-pokale\/#article","isPartOf":{"@id":"https:\/\/www.conica.com\/de\/alem-sunje-und-die-weltklasse-zurich-pokale\/"},"author":{"name":"cloudweb admin","@id":"https:\/\/www.conica.com\/it\/#\/schema\/person\/21a28360f827ea08a260c39002caa02d"},"headline":"ALEM SUNJE UND DIE WELTKLASSE Z\u00dcRICH POKALE","datePublished":"2018-05-17T06:03:56+00:00","dateModified":"2025-08-12T15:25:25+00:00","mainEntityOfPage":{"@id":"https:\/\/www.conica.com\/de\/alem-sunje-und-die-weltklasse-zurich-pokale\/"},"wordCount":139,"publisher":{"@id":"https:\/\/www.conica.com\/it\/#organization"},"image":{"@id":"https:\/\/www.conica.com\/de\/alem-sunje-und-die-weltklasse-zurich-pokale\/#primaryimage"},"thumbnailUrl":"https:\/\/www.conica.com\/wp-content\/uploads\/2020\/07\/Alem_02-1140x642-1.jpg","articleSection":["News"],"inLanguage":"de"},{"@type":"WebPage","@id":"https:\/\/www.conica.com\/de\/alem-sunje-und-die-weltklasse-zurich-pokale\/","url":"https:\/\/www.conica.com\/de\/alem-sunje-und-die-weltklasse-zurich-pokale\/","name":"ALEM SUNJE UND DIE WELTKLASSE Z\u00dcRICH POKALE - CONICA AG","isPartOf":{"@id":"https:\/\/www.conica.com\/it\/#website"},"primaryImageOfPage":{"@id":"https:\/\/www.conica.com\/de\/alem-sunje-und-die-weltklasse-zurich-pokale\/#primaryimage"},"image":{"@id":"https:\/\/www.conica.com\/de\/alem-sunje-und-die-weltklasse-zurich-pokale\/#primaryimage"},"thumbnailUrl":"https:\/\/www.conica.com\/wp-content\/uploads\/2020\/07\/Alem_02-1140x642-1.jpg","datePublished":"2018-05-17T06:03:56+00:00","dateModified":"2025-08-12T15:25:25+00:00","breadcrumb":{"@id":"https:\/\/www.conica.com\/de\/alem-sunje-und-die-weltklasse-zurich-pokale\/#breadcrumb"},"inLanguage":"de","potentialAction":[{"@type":"ReadAction","target":["https:\/\/www.conica.com\/de\/alem-sunje-und-die-weltklasse-zurich-pokale\/"]}]},{"@type":"ImageObject","inLanguage":"de","@id":"https:\/\/www.conica.com\/de\/alem-sunje-und-die-weltklasse-zurich-pokale\/#primaryimage","url":"https:\/\/www.conica.com\/wp-content\/uploads\/2020\/07\/Alem_02-1140x642-1.jpg","contentUrl":"https:\/\/www.conica.com\/wp-content\/uploads\/2020\/07\/Alem_02-1140x642-1.jpg","width":1140,"height":642},{"@type":"BreadcrumbList","@id":"https:\/\/www.conica.com\/de\/alem-sunje-und-die-weltklasse-zurich-pokale\/#breadcrumb","itemListElement":[{"@type":"ListItem","position":1,"name":"Home","item":"https:\/\/www.conica.com\/de\/"},{"@type":"ListItem","position":2,"name":"ALEM SUNJE UND DIE WELTKLASSE Z\u00dcRICH POKALE"}]},{"@type":"WebSite","@id":"https:\/\/www.conica.com\/it\/#website","url":"https:\/\/www.conica.com\/it\/","name":"CONICA AG","description":"Sport-, Playground- und Functional Flooring Bel\u00e4ge","publisher":{"@id":"https:\/\/www.conica.com\/it\/#organization"},"potentialAction":[{"@type":"SearchAction","target":{"@type":"EntryPoint","urlTemplate":"https:\/\/www.conica.com\/it\/?s={search_term_string}"},"query-input":{"@type":"PropertyValueSpecification","valueRequired":true,"valueName":"search_term_string"}}],"inLanguage":"de"},{"@type":"Organization","@id":"https:\/\/www.conica.com\/it\/#organization","name":"CONICA AG","url":"https:\/\/www.conica.com\/it\/","logo":{"@type":"ImageObject","inLanguage":"de","@id":"https:\/\/www.conica.com\/it\/#\/schema\/logo\/image\/","url":"https:\/\/www.conica.com\/wp-content\/uploads\/2020\/04\/logo_conica-01.svg","contentUrl":"https:\/\/www.conica.com\/wp-content\/uploads\/2020\/04\/logo_conica-01.svg","caption":"CONICA AG"},"image":{"@id":"https:\/\/www.conica.com\/it\/#\/schema\/logo\/image\/"}},{"@type":"Person","@id":"https:\/\/www.conica.com\/it\/#\/schema\/person\/21a28360f827ea08a260c39002caa02d","name":"cloudweb admin","image":{"@type":"ImageObject","inLanguage":"de","@id":"https:\/\/secure.gravatar.com\/avatar\/606f72c7df6210eef0ba3cb7dbdf2188f05a4e3d78921dd69ff68542ad576340?s=96&d=mm&r=g","url":"https:\/\/secure.gravatar.com\/avatar\/606f72c7df6210eef0ba3cb7dbdf2188f05a4e3d78921dd69ff68542ad576340?s=96&d=mm&r=g","contentUrl":"https:\/\/secure.gravatar.com\/avatar\/606f72c7df6210eef0ba3cb7dbdf2188f05a4e3d78921dd69ff68542ad576340?s=96&d=mm&r=g","caption":"cloudweb admin"}}]}},"featured_image_src":"https:\/\/www.conica.com\/wp-content\/uploads\/2020\/07\/Alem_02-1140x642-1-600x400.jpg","featured_image_src_square":"https:\/\/www.conica.com\/wp-content\/uploads\/2020\/07\/Alem_02-1140x642-1-600x600.jpg","author_info":{"display_name":"cloudweb admin","author_link":"https:\/\/www.conica.com\/de\/author\/cloudweb-admin\/"},"uagb_featured_image_src":{"full":["https:\/\/www.conica.com\/wp-content\/uploads\/2020\/07\/Alem_02-1140x642-1.jpg",1140,642,false],"thumbnail":["https:\/\/www.conica.com\/wp-content\/uploads\/2020\/07\/Alem_02-1140x642-1-150x150.jpg",150,150,true],"medium":["https:\/\/www.conica.com\/wp-content\/uploads\/2020\/07\/Alem_02-1140x642-1-300x169.jpg",300,169,true],"medium_large":["https:\/\/www.conica.com\/wp-content\/uploads\/2020\/07\/Alem_02-1140x642-1-768x433.jpg",768,433,true],"large":["https:\/\/www.conica.com\/wp-content\/uploads\/2020\/07\/Alem_02-1140x642-1-1024x577.jpg",1024,577,true],"gs-tiny":["https:\/\/www.conica.com\/wp-content\/uploads\/2020\/07\/Alem_02-1140x642-1.jpg",50,28,false],"xl":["https:\/\/www.conica.com\/wp-content\/uploads\/2020\/07\/Alem_02-1140x642-1.jpg",1140,642,false],"xxl":["https:\/\/www.conica.com\/wp-content\/uploads\/2020\/07\/Alem_02-1140x642-1.jpg",1140,642,false],"xxxl":["https:\/\/www.conica.com\/wp-content\/uploads\/2020\/07\/Alem_02-1140x642-1.jpg",1140,642,false],"xxxxl":["https:\/\/www.conica.com\/wp-content\/uploads\/2020\/07\/Alem_02-1140x642-1.jpg",1140,642,false],"xxxxxl":["https:\/\/www.conica.com\/wp-content\/uploads\/2020\/07\/Alem_02-1140x642-1.jpg",1140,642,false],"gts-thumbnail":["https:\/\/www.conica.com\/wp-content\/uploads\/2020\/07\/Alem_02-1140x642-1-100x100.jpg",100,100,true],"1536x1536":["https:\/\/www.conica.com\/wp-content\/uploads\/2020\/07\/Alem_02-1140x642-1.jpg",1140,642,false],"2048x2048":["https:\/\/www.conica.com\/wp-content\/uploads\/2020\/07\/Alem_02-1140x642-1.jpg",1140,642,false],"sidebar-featured":["https:\/\/www.conica.com\/wp-content\/uploads\/2020\/07\/Alem_02-1140x642-1-75x75.jpg",75,75,true],"genesis-singular-images":["https:\/\/www.conica.com\/wp-content\/uploads\/2020\/07\/Alem_02-1140x642-1-702x526.jpg",702,526,true],"ab-block-post-grid-landscape":["https:\/\/www.conica.com\/wp-content\/uploads\/2020\/07\/Alem_02-1140x642-1-600x400.jpg",600,400,true],"ab-block-post-grid-square":["https:\/\/www.conica.com\/wp-content\/uploads\/2020\/07\/Alem_02-1140x642-1-600x600.jpg",600,600,true],"gform-image-choice-sm":["https:\/\/www.conica.com\/wp-content\/uploads\/2020\/07\/Alem_02-1140x642-1.jpg",300,169,false],"gform-image-choice-md":["https:\/\/www.conica.com\/wp-content\/uploads\/2020\/07\/Alem_02-1140x642-1.jpg",400,225,false],"gform-image-choice-lg":["https:\/\/www.conica.com\/wp-content\/uploads\/2020\/07\/Alem_02-1140x642-1.jpg",600,338,false]},"uagb_author_info":{"display_name":"cloudweb admin","author_link":"https:\/\/www.conica.com\/de\/author\/cloudweb-admin\/"},"uagb_comment_info":0,"uagb_excerpt":"In sorgf\u00e4ltiger Handarbeit zaubert er CONICA Laufbahnbel\u00e4ge in die 3 ovalen, laufbahnf\u00f6rmigen, St\u00fctzen, die den Diamanten einfassen.Die Rohlinge treffen jeweils im Fr\u00fchjahr bei der CONICA ein und Alem Sunje, zust\u00e4ndig f\u00fcr die Musterfertigung und Schmuckst\u00fccke, nimmt diese gerne entgegen. \u201eWenn die Pokale hier ankommen, bestehen sie lediglich aus drei gleichen Metallteilen, die miteinander verbunden sind.&hellip;","_links":{"self":[{"href":"https:\/\/www.conica.com\/de\/wp-json\/wp\/v2\/posts\/2473","targetHints":{"allow":["GET"]}}],"collection":[{"href":"https:\/\/www.conica.com\/de\/wp-json\/wp\/v2\/posts"}],"about":[{"href":"https:\/\/www.conica.com\/de\/wp-json\/wp\/v2\/types\/post"}],"author":[{"embeddable":true,"href":"https:\/\/www.conica.com\/de\/wp-json\/wp\/v2\/users\/8"}],"replies":[{"embeddable":true,"href":"https:\/\/www.conica.com\/de\/wp-json\/wp\/v2\/comments?post=2473"}],"version-history":[{"count":1,"href":"https:\/\/www.conica.com\/de\/wp-json\/wp\/v2\/posts\/2473\/revisions"}],"predecessor-version":[{"id":44976,"href":"https:\/\/www.conica.com\/de\/wp-json\/wp\/v2\/posts\/2473\/revisions\/44976"}],"wp:featuredmedia":[{"embeddable":true,"href":"https:\/\/www.conica.com\/de\/wp-json\/wp\/v2\/media\/2475"}],"wp:attachment":[{"href":"https:\/\/www.conica.com\/de\/wp-json\/wp\/v2\/media?parent=2473"}],"wp:term":[{"taxonomy":"category","embeddable":true,"href":"https:\/\/www.conica.com\/de\/wp-json\/wp\/v2\/categories?post=2473"},{"taxonomy":"post_tag","embeddable":true,"href":"https:\/\/www.conica.com\/de\/wp-json\/wp\/v2\/tags?post=2473"},{"taxonomy":"locations_categories","embeddable":true,"href":"https:\/\/www.conica.com\/de\/wp-json\/wp\/v2\/locations_categories?post=2473"}],"curies":[{"name":"wp","href":"https:\/\/api.w.org\/{rel}","templated":true}]}}