{"id":27506,"date":"2022-05-11T16:24:33","date_gmt":"2022-05-11T14:24:33","guid":{"rendered":"https:\/\/www.conica.com\/?p=27506"},"modified":"2025-08-12T16:04:46","modified_gmt":"2025-08-12T14:04:46","slug":"die-conica-group-wird-2023-offizieller-kooperationspartner-des-europaeischen-leichtathletik-verbands-european-athletics-ea","status":"publish","type":"post","link":"https:\/\/www.conica.com\/de\/die-conica-group-wird-2023-offizieller-kooperationspartner-des-europaeischen-leichtathletik-verbands-european-athletics-ea\/","title":{"rendered":"Die Conica Group wird 2023 offizieller Kooperationspartner des Europ\u00e4ischen Leichtathletik-Verbands (European Athletics \u2013 EA)"},"content":{"rendered":"\n<div class=\"wp-block-group\"><div class=\"wp-block-group__inner-container is-layout-flow wp-block-group-is-layout-flow\"><div class=\"wp-block-atomic-blocks-ab-container ab-block-container alignfull\">\r\n    <div class=\"ab-container-inside\">\r\n        <div class=\"ab-container-content\">\r\n            <div class=\"wp-block-atomic-blocks-ab-columns page-intro ab-layout-columns-2 ab-2-col-equal alignwide\">\r\n                <div class=\"ab-layout-column-wrap ab-block-layout-column-gap-2 ab-is-responsive-column\">\r\n                    <div class=\"wp-block-atomic-blocks-ab-column ab-block-layout-column\">\r\n                        <div class=\"ab-block-layout-column-inner news-header\">\r\n                            <h1>Die Conica Group wird 2023 offizieller Kooperationspartner des Europ\u00e4ischen Leichtathletik-Verbands (European Athletics \u2013 EA)<\/h1>\r\n                            <p>11. Mai 2022<\/p>\r\n                        <\/div>\r\n                    <\/div>\r\n                    <div class=\"wp-block-atomic-blocks-ab-column ab-block-layout-column\">\r\n                        <div class=\"ab-block-layout-column-inner\">\r\n                            <p> Der Schweizer Laufbahn-Spezialisten Conica wird ab 2023 Partner des Europ\u00e4ischen Leichtathletik-Verbandes. Dies gab das Unternehmen jetzt bekannt. Conica und European Athletics verfolgen gemeinsam das Ziel, den Leichtathletiksport weiterzuentwickeln und voranzutreiben. Beide Parteien wollen gegenseitig von ihrem Know-how und ihrer Erfahrung profitieren. Dabei m\u00f6chten der Laufbahnproduzent und der Verband vor allem im Bereich der Athletik-Laufbahn-Forschung und -Entwicklung neue Massst\u00e4be setze. Diese sollen den Leichtathletinnen und -athleten aller Disziplinen zugutekommt, um deren Performance zu unterst\u00fctzen und dabei gleichzeitig ihren Bewegungsapparat zu schonen.<\/p>\r\n                        <\/div>\r\n                    <\/div>\r\n                <\/div>\r\n            <\/div>\r\n        <\/div>\r\n    <\/div>\r\n<\/div>\r\n\n\n\n<p><\/p>\n<\/div><\/div>\n\n\n\n<div class=\"wp-block-buttons is-horizontal is-content-justification-left is-layout-flex wp-container-core-buttons-is-layout-7e5fce0a wp-block-buttons-is-layout-flex\"><\/div>\n\n\n\n<div style=\"height:50px\" aria-hidden=\"true\" class=\"wp-block-spacer\"><\/div>\n\n\n\n<div class=\"wp-block-columns alignfull is-layout-flex wp-container-core-columns-is-layout-9d6595d7 wp-block-columns-is-layout-flex\">\n<div class=\"wp-block-column is-vertically-aligned-center is-layout-flow wp-block-column-is-layout-flow\" style=\"flex-basis:100%\">\n<figure class=\"wp-block-image alignfull size-large\"><img decoding=\"async\" width=\"1024\" height=\"798\" src=\"https:\/\/www.conica.com\/wp-content\/uploads\/2022\/05\/EA_Conica_Greenscreen_NEU-1024x798.jpg\" alt=\"\" class=\"wp-image-32302\" srcset=\"https:\/\/www.conica.com\/wp-content\/uploads\/2022\/05\/EA_Conica_Greenscreen_NEU-1024x798.jpg 1024w, https:\/\/www.conica.com\/wp-content\/uploads\/2022\/05\/EA_Conica_Greenscreen_NEU-300x234.jpg 300w, https:\/\/www.conica.com\/wp-content\/uploads\/2022\/05\/EA_Conica_Greenscreen_NEU-768x599.jpg 768w, https:\/\/www.conica.com\/wp-content\/uploads\/2022\/05\/EA_Conica_Greenscreen_NEU-1536x1197.jpg 1536w, https:\/\/www.conica.com\/wp-content\/uploads\/2022\/05\/EA_Conica_Greenscreen_NEU-2048x1597.jpg 2048w, https:\/\/www.conica.com\/wp-content\/uploads\/2022\/05\/EA_Conica_Greenscreen_NEU-1600x1247.jpg 1600w\" sizes=\"(max-width: 1024px) 100vw, 1024px\" \/><\/figure>\n<\/div>\n<\/div>\n\n\n\n<p>Der Europ\u00e4ische Leichtathletikverband besteht aus 51 nationale Mitglieder, unter anderem geh\u00f6rt die weltweit gr\u00f6sste nationale Vereinigung, der Deutsche Leichtathletik-Verband (DLV), ihm an. Mit diesem konnte Conica erst im vergangenen Jahr eine Kooperation abschliessen. Conica geh\u00f6rt weltweit zu den f\u00fchrenden Entwicklern und Herstellern gegossener Athletik-Laufbahnen (fr\u00fcher Tartanbahnen). Die Kunststoff Laufbahnen des Schweizer Herstellers sind in vielen namhaften Stadien installiert wie zum Beispiel dem Letzigrund-Stadion in Z\u00fcrich, dem Stade Louis II in Monaco oder dem Olympiastadion in Rom. Zudem ist Conica auch Partner der Diamond League-Events in Z\u00fcrich, Lausanne und Monaco. J\u00e4hrlich stattet das Unternehmen rund 100 Stadien mit seiner Technologie aus.&nbsp;<\/p>\n\n\n\n<p><strong>Forschung und Entwicklung in enger Abstimmung mit den Athletinnen und Athleten<\/strong><\/p>\n\n\n\n<p>Conica-CCO Lara Guillod: \u00abDie Zusammenarbeit mit dem europ\u00e4ischen Leichtathletik-Dachverband deckt sich mit unserer Unternehmensstrategie, in der wir uns seit diesem Jahr noch st\u00e4rker auf die internationale Expansion im Sports- &amp; Leisure-Bereich fokussieren. Wir k\u00f6nnen Systeml\u00f6sungen im Sportst\u00e4ttenbau anbieten, die sowohl auf klimatische Bedingungen als auch auf die gew\u00fcnschten Sporteigenschaften abgestimmt sind.\u00bb<\/p>\n\n\n\n<p>Julio Fernando Fadel, Head of Marketing &amp; Communication erg\u00e4nzt: \u00abDie Kooperation mit European Athletics erm\u00f6glicht es uns, intensiver als bisher mit den Endnutzern der Athletik-Laufbahnen (Sportlerinnen und Sportler, Trainerteams, Veranstalter und Verb\u00e4nde) zusammenzuarbeiten und ihnen die technischen und qualitativen Unterschiede der jeweiligen Tracks n\u00e4herzubringen, damit sie diese in Training und Wettkampf f\u00fcr sich nutzen k\u00f6nnen.\u00bb<\/p>\n\n\n\n<p><strong>\u00dcber Conica<\/strong> Conica entwickelt und produziert seit \u00fcber 40 Jahren innovative fugenlose Flooring Solutions auf Basis von Polyurethan und Epoxydharzen f\u00fcr Sport, Spiel, Freizeit sowie andere Bereiche. Conica ist auf dem Gebiet einer der weltweiten Marktf\u00fchrer und Innovationstreiber. Die am Nutzer orientierten Anforderungen an technischer und sportfunktioneller Leistungsf\u00e4higkeit sowie Gebrauchstauglichkeit unter Gew\u00e4hrleistung gesundheitlicher Aspekte des Materials selbst und f\u00fcr den Nutzer stehen im Mittelpunkt der Produktentwicklung. Conica ist Teil der Serafin-Unternehmensgruppe mit Sitz in M\u00fcnchen.<\/p>\n","protected":false},"excerpt":{"rendered":"<p>Der Europ\u00e4ische Leichtathletikverband besteht aus 51 nationale Mitglieder, unter anderem geh\u00f6rt die weltweit gr\u00f6sste nationale Vereinigung, der Deutsche Leichtathletik-Verband (DLV), ihm an. Mit diesem konnte Conica erst im vergangenen Jahr eine Kooperation abschliessen. Conica geh\u00f6rt weltweit zu den f\u00fchrenden Entwicklern und Herstellern gegossener Athletik-Laufbahnen (fr\u00fcher Tartanbahnen). Die Kunststoff Laufbahnen des Schweizer Herstellers sind in vielen [&hellip;]<\/p>\n","protected":false},"author":14,"featured_media":32302,"comment_status":"closed","ping_status":"closed","sticky":false,"template":"","format":"standard","meta":{"_acf_changed":false,"_uag_custom_page_level_css":"","_genesis_hide_title":false,"_genesis_hide_breadcrumbs":false,"_genesis_hide_singular_image":false,"_genesis_custom_body_class":"","_genesis_custom_post_class":"","_genesis_layout":"","footnotes":""},"categories":[1],"tags":[651,652,653,654,655],"locations_categories":[],"class_list":{"0":"post-27506","1":"post","2":"type-post","3":"status-publish","4":"format-standard","5":"has-post-thumbnail","7":"category-news","8":"tag-europaeischer-leichtathletik-verband","9":"tag-conica-group","10":"tag-offizieller-kooperationspartner","11":"tag-laufbahn-spezialist","12":"tag-european-athletics-2","13":"entry"},"acf":[],"yoast_head":"<!-- This site is optimized with the Yoast SEO plugin v27.4 - https:\/\/yoast.com\/product\/yoast-seo-wordpress\/ -->\n<title>European Athletics Partner 2023 \u27a1\ufe0f Conica<\/title>\n<meta name=\"description\" content=\"Die Conica Group wird 2023 offizieller Kooperationspartner des Europ\u00e4ischen Leichtathletik-Verbands (European Athletics)\" \/>\n<meta name=\"robots\" content=\"index, follow, max-snippet:-1, max-image-preview:large, max-video-preview:-1\" \/>\n<link rel=\"canonical\" href=\"https:\/\/www.conica.com\/de\/die-conica-group-wird-2023-offizieller-kooperationspartner-des-europaeischen-leichtathletik-verbands-european-athletics-ea\/\" \/>\n<meta property=\"og:locale\" content=\"de_DE\" \/>\n<meta property=\"og:type\" content=\"article\" \/>\n<meta property=\"og:title\" content=\"European Athletics Partner 2023 \u27a1\ufe0f Conica\" \/>\n<meta property=\"og:description\" content=\"Die Conica Group wird 2023 offizieller Kooperationspartner des Europ\u00e4ischen Leichtathletik-Verbands (European Athletics)\" \/>\n<meta property=\"og:url\" content=\"https:\/\/www.conica.com\/de\/die-conica-group-wird-2023-offizieller-kooperationspartner-des-europaeischen-leichtathletik-verbands-european-athletics-ea\/\" \/>\n<meta property=\"og:site_name\" content=\"CONICA AG\" \/>\n<meta property=\"article:published_time\" content=\"2022-05-11T14:24:33+00:00\" \/>\n<meta property=\"article:modified_time\" content=\"2025-08-12T14:04:46+00:00\" \/>\n<meta property=\"og:image\" content=\"https:\/\/www.conica.com\/wp-content\/uploads\/2022\/05\/EA_Conica_Greenscreen_NEU-scaled.jpg\" \/>\n\t<meta property=\"og:image:width\" content=\"2560\" \/>\n\t<meta property=\"og:image:height\" content=\"1996\" \/>\n\t<meta property=\"og:image:type\" content=\"image\/jpeg\" \/>\n<meta name=\"author\" content=\"Julio Fernando Fadel\" \/>\n<meta name=\"twitter:card\" content=\"summary_large_image\" \/>\n<meta name=\"twitter:label1\" content=\"Verfasst von\" \/>\n\t<meta name=\"twitter:data1\" content=\"Julio Fernando Fadel\" \/>\n\t<meta name=\"twitter:label2\" content=\"Gesch\u00e4tzte Lesezeit\" \/>\n\t<meta name=\"twitter:data2\" content=\"2\u00a0Minuten\" \/>\n<script type=\"application\/ld+json\" class=\"yoast-schema-graph\">{\"@context\":\"https:\\\/\\\/schema.org\",\"@graph\":[{\"@type\":\"Article\",\"@id\":\"https:\\\/\\\/www.conica.com\\\/de\\\/die-conica-group-wird-2023-offizieller-kooperationspartner-des-europaeischen-leichtathletik-verbands-european-athletics-ea\\\/#article\",\"isPartOf\":{\"@id\":\"https:\\\/\\\/www.conica.com\\\/de\\\/die-conica-group-wird-2023-offizieller-kooperationspartner-des-europaeischen-leichtathletik-verbands-european-athletics-ea\\\/\"},\"author\":{\"name\":\"Julio Fernando Fadel\",\"@id\":\"https:\\\/\\\/www.conica.com\\\/it\\\/#\\\/schema\\\/person\\\/b36367dcb03c6666a3bbf9a1ebc74f40\"},\"headline\":\"Die Conica Group wird 2023 offizieller Kooperationspartner des Europ\u00e4ischen Leichtathletik-Verbands (European Athletics \u2013 EA)\",\"datePublished\":\"2022-05-11T14:24:33+00:00\",\"dateModified\":\"2025-08-12T14:04:46+00:00\",\"mainEntityOfPage\":{\"@id\":\"https:\\\/\\\/www.conica.com\\\/de\\\/die-conica-group-wird-2023-offizieller-kooperationspartner-des-europaeischen-leichtathletik-verbands-european-athletics-ea\\\/\"},\"wordCount\":330,\"publisher\":{\"@id\":\"https:\\\/\\\/www.conica.com\\\/it\\\/#organization\"},\"image\":{\"@id\":\"https:\\\/\\\/www.conica.com\\\/de\\\/die-conica-group-wird-2023-offizieller-kooperationspartner-des-europaeischen-leichtathletik-verbands-european-athletics-ea\\\/#primaryimage\"},\"thumbnailUrl\":\"https:\\\/\\\/www.conica.com\\\/wp-content\\\/uploads\\\/2022\\\/05\\\/EA_Conica_Greenscreen_NEU-scaled.jpg\",\"keywords\":[\"europ\u00e4ischer leichtathletik verband\",\"conica group\",\"offizieller kooperationspartner\",\"laufbahn spezialist\",\"european athletics\"],\"articleSection\":[\"News\"],\"inLanguage\":\"de\"},{\"@type\":\"WebPage\",\"@id\":\"https:\\\/\\\/www.conica.com\\\/de\\\/die-conica-group-wird-2023-offizieller-kooperationspartner-des-europaeischen-leichtathletik-verbands-european-athletics-ea\\\/\",\"url\":\"https:\\\/\\\/www.conica.com\\\/de\\\/die-conica-group-wird-2023-offizieller-kooperationspartner-des-europaeischen-leichtathletik-verbands-european-athletics-ea\\\/\",\"name\":\"European Athletics Partner 2023 \u27a1\ufe0f Conica\",\"isPartOf\":{\"@id\":\"https:\\\/\\\/www.conica.com\\\/it\\\/#website\"},\"primaryImageOfPage\":{\"@id\":\"https:\\\/\\\/www.conica.com\\\/de\\\/die-conica-group-wird-2023-offizieller-kooperationspartner-des-europaeischen-leichtathletik-verbands-european-athletics-ea\\\/#primaryimage\"},\"image\":{\"@id\":\"https:\\\/\\\/www.conica.com\\\/de\\\/die-conica-group-wird-2023-offizieller-kooperationspartner-des-europaeischen-leichtathletik-verbands-european-athletics-ea\\\/#primaryimage\"},\"thumbnailUrl\":\"https:\\\/\\\/www.conica.com\\\/wp-content\\\/uploads\\\/2022\\\/05\\\/EA_Conica_Greenscreen_NEU-scaled.jpg\",\"datePublished\":\"2022-05-11T14:24:33+00:00\",\"dateModified\":\"2025-08-12T14:04:46+00:00\",\"description\":\"Die Conica Group wird 2023 offizieller Kooperationspartner des Europ\u00e4ischen Leichtathletik-Verbands (European Athletics)\",\"breadcrumb\":{\"@id\":\"https:\\\/\\\/www.conica.com\\\/de\\\/die-conica-group-wird-2023-offizieller-kooperationspartner-des-europaeischen-leichtathletik-verbands-european-athletics-ea\\\/#breadcrumb\"},\"inLanguage\":\"de\",\"potentialAction\":[{\"@type\":\"ReadAction\",\"target\":[\"https:\\\/\\\/www.conica.com\\\/de\\\/die-conica-group-wird-2023-offizieller-kooperationspartner-des-europaeischen-leichtathletik-verbands-european-athletics-ea\\\/\"]}]},{\"@type\":\"ImageObject\",\"inLanguage\":\"de\",\"@id\":\"https:\\\/\\\/www.conica.com\\\/de\\\/die-conica-group-wird-2023-offizieller-kooperationspartner-des-europaeischen-leichtathletik-verbands-european-athletics-ea\\\/#primaryimage\",\"url\":\"https:\\\/\\\/www.conica.com\\\/wp-content\\\/uploads\\\/2022\\\/05\\\/EA_Conica_Greenscreen_NEU-scaled.jpg\",\"contentUrl\":\"https:\\\/\\\/www.conica.com\\\/wp-content\\\/uploads\\\/2022\\\/05\\\/EA_Conica_Greenscreen_NEU-scaled.jpg\",\"width\":2560,\"height\":1996},{\"@type\":\"BreadcrumbList\",\"@id\":\"https:\\\/\\\/www.conica.com\\\/de\\\/die-conica-group-wird-2023-offizieller-kooperationspartner-des-europaeischen-leichtathletik-verbands-european-athletics-ea\\\/#breadcrumb\",\"itemListElement\":[{\"@type\":\"ListItem\",\"position\":1,\"name\":\"Home\",\"item\":\"https:\\\/\\\/www.conica.com\\\/de\\\/\"},{\"@type\":\"ListItem\",\"position\":2,\"name\":\"Die Conica Group wird 2023 offizieller Kooperationspartner des Europ\u00e4ischen Leichtathletik-Verbands (European Athletics \u2013 EA)\"}]},{\"@type\":\"WebSite\",\"@id\":\"https:\\\/\\\/www.conica.com\\\/it\\\/#website\",\"url\":\"https:\\\/\\\/www.conica.com\\\/it\\\/\",\"name\":\"CONICA AG\",\"description\":\"Sport-, Playground- und Functional Flooring Bel\u00e4ge\",\"publisher\":{\"@id\":\"https:\\\/\\\/www.conica.com\\\/it\\\/#organization\"},\"potentialAction\":[{\"@type\":\"SearchAction\",\"target\":{\"@type\":\"EntryPoint\",\"urlTemplate\":\"https:\\\/\\\/www.conica.com\\\/it\\\/?s={search_term_string}\"},\"query-input\":{\"@type\":\"PropertyValueSpecification\",\"valueRequired\":true,\"valueName\":\"search_term_string\"}}],\"inLanguage\":\"de\"},{\"@type\":\"Organization\",\"@id\":\"https:\\\/\\\/www.conica.com\\\/it\\\/#organization\",\"name\":\"CONICA AG\",\"url\":\"https:\\\/\\\/www.conica.com\\\/it\\\/\",\"logo\":{\"@type\":\"ImageObject\",\"inLanguage\":\"de\",\"@id\":\"https:\\\/\\\/www.conica.com\\\/it\\\/#\\\/schema\\\/logo\\\/image\\\/\",\"url\":\"https:\\\/\\\/www.conica.com\\\/wp-content\\\/uploads\\\/2020\\\/04\\\/logo_conica-01.svg\",\"contentUrl\":\"https:\\\/\\\/www.conica.com\\\/wp-content\\\/uploads\\\/2020\\\/04\\\/logo_conica-01.svg\",\"caption\":\"CONICA AG\"},\"image\":{\"@id\":\"https:\\\/\\\/www.conica.com\\\/it\\\/#\\\/schema\\\/logo\\\/image\\\/\"}},{\"@type\":\"Person\",\"@id\":\"https:\\\/\\\/www.conica.com\\\/it\\\/#\\\/schema\\\/person\\\/b36367dcb03c6666a3bbf9a1ebc74f40\",\"name\":\"Julio Fernando Fadel\",\"image\":{\"@type\":\"ImageObject\",\"inLanguage\":\"de\",\"@id\":\"https:\\\/\\\/secure.gravatar.com\\\/avatar\\\/dac61e9701e7480659c4b6e0ff85463b2ff10818062a4b4727f3398ea0dc5c32?s=96&d=mm&r=g\",\"url\":\"https:\\\/\\\/secure.gravatar.com\\\/avatar\\\/dac61e9701e7480659c4b6e0ff85463b2ff10818062a4b4727f3398ea0dc5c32?s=96&d=mm&r=g\",\"contentUrl\":\"https:\\\/\\\/secure.gravatar.com\\\/avatar\\\/dac61e9701e7480659c4b6e0ff85463b2ff10818062a4b4727f3398ea0dc5c32?s=96&d=mm&r=g\",\"caption\":\"Julio Fernando Fadel\"}}]}<\/script>\n<!-- \/ Yoast SEO plugin. -->","yoast_head_json":{"title":"European Athletics Partner 2023 \u27a1\ufe0f Conica","description":"Die Conica Group wird 2023 offizieller Kooperationspartner des Europ\u00e4ischen Leichtathletik-Verbands (European Athletics)","robots":{"index":"index","follow":"follow","max-snippet":"max-snippet:-1","max-image-preview":"max-image-preview:large","max-video-preview":"max-video-preview:-1"},"canonical":"https:\/\/www.conica.com\/de\/die-conica-group-wird-2023-offizieller-kooperationspartner-des-europaeischen-leichtathletik-verbands-european-athletics-ea\/","og_locale":"de_DE","og_type":"article","og_title":"European Athletics Partner 2023 \u27a1\ufe0f Conica","og_description":"Die Conica Group wird 2023 offizieller Kooperationspartner des Europ\u00e4ischen Leichtathletik-Verbands (European Athletics)","og_url":"https:\/\/www.conica.com\/de\/die-conica-group-wird-2023-offizieller-kooperationspartner-des-europaeischen-leichtathletik-verbands-european-athletics-ea\/","og_site_name":"CONICA AG","article_published_time":"2022-05-11T14:24:33+00:00","article_modified_time":"2025-08-12T14:04:46+00:00","og_image":[{"width":2560,"height":1996,"url":"https:\/\/www.conica.com\/wp-content\/uploads\/2022\/05\/EA_Conica_Greenscreen_NEU-scaled.jpg","type":"image\/jpeg"}],"author":"Julio Fernando Fadel","twitter_card":"summary_large_image","twitter_misc":{"Verfasst von":"Julio Fernando Fadel","Gesch\u00e4tzte Lesezeit":"2\u00a0Minuten"},"schema":{"@context":"https:\/\/schema.org","@graph":[{"@type":"Article","@id":"https:\/\/www.conica.com\/de\/die-conica-group-wird-2023-offizieller-kooperationspartner-des-europaeischen-leichtathletik-verbands-european-athletics-ea\/#article","isPartOf":{"@id":"https:\/\/www.conica.com\/de\/die-conica-group-wird-2023-offizieller-kooperationspartner-des-europaeischen-leichtathletik-verbands-european-athletics-ea\/"},"author":{"name":"Julio Fernando Fadel","@id":"https:\/\/www.conica.com\/it\/#\/schema\/person\/b36367dcb03c6666a3bbf9a1ebc74f40"},"headline":"Die Conica Group wird 2023 offizieller Kooperationspartner des Europ\u00e4ischen Leichtathletik-Verbands (European Athletics \u2013 EA)","datePublished":"2022-05-11T14:24:33+00:00","dateModified":"2025-08-12T14:04:46+00:00","mainEntityOfPage":{"@id":"https:\/\/www.conica.com\/de\/die-conica-group-wird-2023-offizieller-kooperationspartner-des-europaeischen-leichtathletik-verbands-european-athletics-ea\/"},"wordCount":330,"publisher":{"@id":"https:\/\/www.conica.com\/it\/#organization"},"image":{"@id":"https:\/\/www.conica.com\/de\/die-conica-group-wird-2023-offizieller-kooperationspartner-des-europaeischen-leichtathletik-verbands-european-athletics-ea\/#primaryimage"},"thumbnailUrl":"https:\/\/www.conica.com\/wp-content\/uploads\/2022\/05\/EA_Conica_Greenscreen_NEU-scaled.jpg","keywords":["europ\u00e4ischer leichtathletik verband","conica group","offizieller kooperationspartner","laufbahn spezialist","european athletics"],"articleSection":["News"],"inLanguage":"de"},{"@type":"WebPage","@id":"https:\/\/www.conica.com\/de\/die-conica-group-wird-2023-offizieller-kooperationspartner-des-europaeischen-leichtathletik-verbands-european-athletics-ea\/","url":"https:\/\/www.conica.com\/de\/die-conica-group-wird-2023-offizieller-kooperationspartner-des-europaeischen-leichtathletik-verbands-european-athletics-ea\/","name":"European Athletics Partner 2023 \u27a1\ufe0f Conica","isPartOf":{"@id":"https:\/\/www.conica.com\/it\/#website"},"primaryImageOfPage":{"@id":"https:\/\/www.conica.com\/de\/die-conica-group-wird-2023-offizieller-kooperationspartner-des-europaeischen-leichtathletik-verbands-european-athletics-ea\/#primaryimage"},"image":{"@id":"https:\/\/www.conica.com\/de\/die-conica-group-wird-2023-offizieller-kooperationspartner-des-europaeischen-leichtathletik-verbands-european-athletics-ea\/#primaryimage"},"thumbnailUrl":"https:\/\/www.conica.com\/wp-content\/uploads\/2022\/05\/EA_Conica_Greenscreen_NEU-scaled.jpg","datePublished":"2022-05-11T14:24:33+00:00","dateModified":"2025-08-12T14:04:46+00:00","description":"Die Conica Group wird 2023 offizieller Kooperationspartner des Europ\u00e4ischen Leichtathletik-Verbands (European Athletics)","breadcrumb":{"@id":"https:\/\/www.conica.com\/de\/die-conica-group-wird-2023-offizieller-kooperationspartner-des-europaeischen-leichtathletik-verbands-european-athletics-ea\/#breadcrumb"},"inLanguage":"de","potentialAction":[{"@type":"ReadAction","target":["https:\/\/www.conica.com\/de\/die-conica-group-wird-2023-offizieller-kooperationspartner-des-europaeischen-leichtathletik-verbands-european-athletics-ea\/"]}]},{"@type":"ImageObject","inLanguage":"de","@id":"https:\/\/www.conica.com\/de\/die-conica-group-wird-2023-offizieller-kooperationspartner-des-europaeischen-leichtathletik-verbands-european-athletics-ea\/#primaryimage","url":"https:\/\/www.conica.com\/wp-content\/uploads\/2022\/05\/EA_Conica_Greenscreen_NEU-scaled.jpg","contentUrl":"https:\/\/www.conica.com\/wp-content\/uploads\/2022\/05\/EA_Conica_Greenscreen_NEU-scaled.jpg","width":2560,"height":1996},{"@type":"BreadcrumbList","@id":"https:\/\/www.conica.com\/de\/die-conica-group-wird-2023-offizieller-kooperationspartner-des-europaeischen-leichtathletik-verbands-european-athletics-ea\/#breadcrumb","itemListElement":[{"@type":"ListItem","position":1,"name":"Home","item":"https:\/\/www.conica.com\/de\/"},{"@type":"ListItem","position":2,"name":"Die Conica Group wird 2023 offizieller Kooperationspartner des Europ\u00e4ischen Leichtathletik-Verbands (European Athletics \u2013 EA)"}]},{"@type":"WebSite","@id":"https:\/\/www.conica.com\/it\/#website","url":"https:\/\/www.conica.com\/it\/","name":"CONICA AG","description":"Sport-, Playground- und Functional Flooring Bel\u00e4ge","publisher":{"@id":"https:\/\/www.conica.com\/it\/#organization"},"potentialAction":[{"@type":"SearchAction","target":{"@type":"EntryPoint","urlTemplate":"https:\/\/www.conica.com\/it\/?s={search_term_string}"},"query-input":{"@type":"PropertyValueSpecification","valueRequired":true,"valueName":"search_term_string"}}],"inLanguage":"de"},{"@type":"Organization","@id":"https:\/\/www.conica.com\/it\/#organization","name":"CONICA AG","url":"https:\/\/www.conica.com\/it\/","logo":{"@type":"ImageObject","inLanguage":"de","@id":"https:\/\/www.conica.com\/it\/#\/schema\/logo\/image\/","url":"https:\/\/www.conica.com\/wp-content\/uploads\/2020\/04\/logo_conica-01.svg","contentUrl":"https:\/\/www.conica.com\/wp-content\/uploads\/2020\/04\/logo_conica-01.svg","caption":"CONICA AG"},"image":{"@id":"https:\/\/www.conica.com\/it\/#\/schema\/logo\/image\/"}},{"@type":"Person","@id":"https:\/\/www.conica.com\/it\/#\/schema\/person\/b36367dcb03c6666a3bbf9a1ebc74f40","name":"Julio Fernando Fadel","image":{"@type":"ImageObject","inLanguage":"de","@id":"https:\/\/secure.gravatar.com\/avatar\/dac61e9701e7480659c4b6e0ff85463b2ff10818062a4b4727f3398ea0dc5c32?s=96&d=mm&r=g","url":"https:\/\/secure.gravatar.com\/avatar\/dac61e9701e7480659c4b6e0ff85463b2ff10818062a4b4727f3398ea0dc5c32?s=96&d=mm&r=g","contentUrl":"https:\/\/secure.gravatar.com\/avatar\/dac61e9701e7480659c4b6e0ff85463b2ff10818062a4b4727f3398ea0dc5c32?s=96&d=mm&r=g","caption":"Julio Fernando Fadel"}}]}},"featured_image_src":"https:\/\/www.conica.com\/wp-content\/uploads\/2022\/05\/EA_Conica_Greenscreen_NEU-600x400.jpg","featured_image_src_square":"https:\/\/www.conica.com\/wp-content\/uploads\/2022\/05\/EA_Conica_Greenscreen_NEU-600x600.jpg","author_info":{"display_name":"Julio Fernando Fadel","author_link":"https:\/\/www.conica.com\/de\/author\/julio-fadel\/"},"uagb_featured_image_src":{"full":["https:\/\/www.conica.com\/wp-content\/uploads\/2022\/05\/EA_Conica_Greenscreen_NEU-scaled.jpg",2560,1996,false],"thumbnail":["https:\/\/www.conica.com\/wp-content\/uploads\/2022\/05\/EA_Conica_Greenscreen_NEU-150x150.jpg",150,150,true],"medium":["https:\/\/www.conica.com\/wp-content\/uploads\/2022\/05\/EA_Conica_Greenscreen_NEU-300x234.jpg",300,234,true],"medium_large":["https:\/\/www.conica.com\/wp-content\/uploads\/2022\/05\/EA_Conica_Greenscreen_NEU-768x599.jpg",768,599,true],"large":["https:\/\/www.conica.com\/wp-content\/uploads\/2022\/05\/EA_Conica_Greenscreen_NEU-1024x798.jpg",1024,798,true],"gs-tiny":["https:\/\/www.conica.com\/wp-content\/uploads\/2022\/05\/EA_Conica_Greenscreen_NEU-scaled.jpg",50,39,false],"xl":["https:\/\/www.conica.com\/wp-content\/uploads\/2022\/05\/EA_Conica_Greenscreen_NEU-1600x1247.jpg",1600,1247,true],"xxl":["https:\/\/www.conica.com\/wp-content\/uploads\/2022\/05\/EA_Conica_Greenscreen_NEU-2200x1715.jpg",2200,1715,true],"xxxl":["https:\/\/www.conica.com\/wp-content\/uploads\/2022\/05\/EA_Conica_Greenscreen_NEU-scaled.jpg",2560,1996,false],"xxxxl":["https:\/\/www.conica.com\/wp-content\/uploads\/2022\/05\/EA_Conica_Greenscreen_NEU-scaled.jpg",2560,1996,false],"xxxxxl":["https:\/\/www.conica.com\/wp-content\/uploads\/2022\/05\/EA_Conica_Greenscreen_NEU-scaled.jpg",2560,1996,false],"gts-thumbnail":["https:\/\/www.conica.com\/wp-content\/uploads\/2022\/05\/EA_Conica_Greenscreen_NEU-100x100.jpg",100,100,true],"1536x1536":["https:\/\/www.conica.com\/wp-content\/uploads\/2022\/05\/EA_Conica_Greenscreen_NEU-1536x1197.jpg",1536,1197,true],"2048x2048":["https:\/\/www.conica.com\/wp-content\/uploads\/2022\/05\/EA_Conica_Greenscreen_NEU-2048x1597.jpg",2048,1597,true],"sidebar-featured":["https:\/\/www.conica.com\/wp-content\/uploads\/2022\/05\/EA_Conica_Greenscreen_NEU-75x75.jpg",75,75,true],"genesis-singular-images":["https:\/\/www.conica.com\/wp-content\/uploads\/2022\/05\/EA_Conica_Greenscreen_NEU-702x526.jpg",702,526,true],"ab-block-post-grid-landscape":["https:\/\/www.conica.com\/wp-content\/uploads\/2022\/05\/EA_Conica_Greenscreen_NEU-600x400.jpg",600,400,true],"ab-block-post-grid-square":["https:\/\/www.conica.com\/wp-content\/uploads\/2022\/05\/EA_Conica_Greenscreen_NEU-600x600.jpg",600,600,true],"gform-image-choice-sm":["https:\/\/www.conica.com\/wp-content\/uploads\/2022\/05\/EA_Conica_Greenscreen_NEU-scaled.jpg",300,234,false],"gform-image-choice-md":["https:\/\/www.conica.com\/wp-content\/uploads\/2022\/05\/EA_Conica_Greenscreen_NEU-scaled.jpg",400,312,false],"gform-image-choice-lg":["https:\/\/www.conica.com\/wp-content\/uploads\/2022\/05\/EA_Conica_Greenscreen_NEU-scaled.jpg",600,468,false]},"uagb_author_info":{"display_name":"Julio Fernando Fadel","author_link":"https:\/\/www.conica.com\/de\/author\/julio-fadel\/"},"uagb_comment_info":0,"uagb_excerpt":"Der Europ\u00e4ische Leichtathletikverband besteht aus 51 nationale Mitglieder, unter anderem geh\u00f6rt die weltweit gr\u00f6sste nationale Vereinigung, der Deutsche Leichtathletik-Verband (DLV), ihm an. Mit diesem konnte Conica erst im vergangenen Jahr eine Kooperation abschliessen. Conica geh\u00f6rt weltweit zu den f\u00fchrenden Entwicklern und Herstellern gegossener Athletik-Laufbahnen (fr\u00fcher Tartanbahnen). Die Kunststoff Laufbahnen des Schweizer Herstellers sind in vielen&hellip;","_links":{"self":[{"href":"https:\/\/www.conica.com\/de\/wp-json\/wp\/v2\/posts\/27506","targetHints":{"allow":["GET"]}}],"collection":[{"href":"https:\/\/www.conica.com\/de\/wp-json\/wp\/v2\/posts"}],"about":[{"href":"https:\/\/www.conica.com\/de\/wp-json\/wp\/v2\/types\/post"}],"author":[{"embeddable":true,"href":"https:\/\/www.conica.com\/de\/wp-json\/wp\/v2\/users\/14"}],"replies":[{"embeddable":true,"href":"https:\/\/www.conica.com\/de\/wp-json\/wp\/v2\/comments?post=27506"}],"version-history":[{"count":1,"href":"https:\/\/www.conica.com\/de\/wp-json\/wp\/v2\/posts\/27506\/revisions"}],"predecessor-version":[{"id":44772,"href":"https:\/\/www.conica.com\/de\/wp-json\/wp\/v2\/posts\/27506\/revisions\/44772"}],"wp:featuredmedia":[{"embeddable":true,"href":"https:\/\/www.conica.com\/de\/wp-json\/wp\/v2\/media\/32302"}],"wp:attachment":[{"href":"https:\/\/www.conica.com\/de\/wp-json\/wp\/v2\/media?parent=27506"}],"wp:term":[{"taxonomy":"category","embeddable":true,"href":"https:\/\/www.conica.com\/de\/wp-json\/wp\/v2\/categories?post=27506"},{"taxonomy":"post_tag","embeddable":true,"href":"https:\/\/www.conica.com\/de\/wp-json\/wp\/v2\/tags?post=27506"},{"taxonomy":"locations_categories","embeddable":true,"href":"https:\/\/www.conica.com\/de\/wp-json\/wp\/v2\/locations_categories?post=27506"}],"curies":[{"name":"wp","href":"https:\/\/api.w.org\/{rel}","templated":true}]}}