{"id":32406,"date":"2023-03-02T14:38:26","date_gmt":"2023-03-02T13:38:26","guid":{"rendered":"https:\/\/www.conica.com\/?p=32406"},"modified":"2025-08-12T15:59:28","modified_gmt":"2025-08-12T13:59:28","slug":"conica-ag-mit-neuem-verkaufsleiter-fuer-die-schweiz","status":"publish","type":"post","link":"https:\/\/www.conica.com\/de\/conica-ag-mit-neuem-verkaufsleiter-fuer-die-schweiz\/","title":{"rendered":"<strong>Karl Meyer \u00fcbergibt nach 36 Jahren den Staffelstab an Marco Kern<\/strong>"},"content":{"rendered":"<div class=\"wp-block-atomic-blocks-ab-container ab-block-container alignfull\">\r\n    <div class=\"ab-container-inside\">\r\n        <div class=\"ab-container-content\">\r\n            <div class=\"wp-block-atomic-blocks-ab-columns page-intro ab-layout-columns-2 ab-2-col-equal alignwide\">\r\n                <div class=\"ab-layout-column-wrap ab-block-layout-column-gap-2 ab-is-responsive-column\">\r\n                    <div class=\"wp-block-atomic-blocks-ab-column ab-block-layout-column\">\r\n                        <div class=\"ab-block-layout-column-inner news-header\">\r\n                            <h1>Karl Meyer \u00fcbergibt nach 36 Jahren den Staffelstab an Marco Kern<\/h1>\r\n                            <p>2. M\u00e4rz 2023<\/p>\r\n                        <\/div>\r\n                    <\/div>\r\n                    <div class=\"wp-block-atomic-blocks-ab-column ab-block-layout-column\">\r\n                        <div class=\"ab-block-layout-column-inner\">\r\n                            <p> Im Januar 2023 hat der seit 1987 f\u00fcr die Schweizer Laufbahnspezialistin Conica AG im Verkauf und anderen Bereichen t\u00e4tige Karl Meyer den auf die Schweiz bezogenen Teil seiner fr\u00fcheren Aufgaben an Marco Kern \u00fcbertragen. Der ehemalige erfolgreiche Schweizer Mittel- und Langstreckenl\u00e4ufer wird damit neuer Verkaufsleiter f\u00fcr die Schweiz.<\/p>\r\n                        <\/div>\r\n                    <\/div>\r\n                <\/div>\r\n            <\/div>\r\n        <\/div>\r\n    <\/div>\r\n<\/div>\r\n\n\n\n<figure class=\"wp-block-image size-large\"><img decoding=\"async\" width=\"1024\" height=\"768\" src=\"https:\/\/www.conica.com\/wp-content\/uploads\/2023\/03\/Image-1024x768.jpeg\" alt=\"\" class=\"wp-image-32407\" srcset=\"https:\/\/www.conica.com\/wp-content\/uploads\/2023\/03\/Image-1024x768.jpeg 1024w, https:\/\/www.conica.com\/wp-content\/uploads\/2023\/03\/Image-300x225.jpeg 300w, https:\/\/www.conica.com\/wp-content\/uploads\/2023\/03\/Image-768x576.jpeg 768w, https:\/\/www.conica.com\/wp-content\/uploads\/2023\/03\/Image-1536x1152.jpeg 1536w, https:\/\/www.conica.com\/wp-content\/uploads\/2023\/03\/Image-2048x1536.jpeg 2048w, https:\/\/www.conica.com\/wp-content\/uploads\/2023\/03\/Image-702x526.jpeg 702w, https:\/\/www.conica.com\/wp-content\/uploads\/2023\/03\/Image-1600x1200.jpeg 1600w\" sizes=\"(max-width: 1024px) 100vw, 1024px\" \/><\/figure>\n\n\n\n<p>Karl Meyer hat die nationale und internationale Geschichte sowie den weltweiten gesch\u00e4ftlichen Erfolg der Conica AG massgeblich mitgepr\u00e4gt. Ein Meilenstein unter seiner \u00c4gide war 1998 die Ausstattung von vier der ersten sechs Golden-League-Stadien (heute Diamond League) mit Conica-Bel\u00e4gen.<\/p>\n\n\n\n<p>Eine Auswahl weiterer internationaler Sportst\u00e4tten, die in Karl Meyers \u00c4ra mit Conica-Laufbahnen ausgestattet wurden: die Olympiastadien in Rom, Kiew und Berlin sowie Stadien in Abuja (Nigeria), Santo Domingo (Domenikanische Republik), Tunis (Tunesien), Monte Carlo (Monaco), Oslo (Norwegen), Izmir (T\u00fcrkei) und Doha (Katar). Weitere nationale Highlights waren die Ausstattung des Lausanner Olympiastadions sowie die dreimalige Ausstattung des Letzigrund Stadions Z\u00fcrich mit einem CONICA System: 2007 beim Neubau, 2014 vor der Europameisterschaft und 2020\/21 vor dem Diamond League-Finale.<\/p>\n\n\n\n<p>Der Conica AG mit Sitz in Schaffhausen war es wichtig, die Schl\u00fcsselposition in der Schweiz einer Person zu \u00fcbertragen, die den Leichtathletiksport als ehemaliger Spitzensportler kennt, \u00fcber Gesch\u00e4ftserfahrung verf\u00fcgt und vom pers\u00f6nlichen Profil zu Conica passt. Marco Kern konnte diese Voraussetzungen alle erf\u00fcllen und hatte seinen Lebensmittelpunkt zudem schon zuvor in Schaffhausen.<\/p>\n\n\n\n<p>Von 2001 bis 2021 war er als Leistungssportler aktiv. Seine gr\u00f6ssten sportlichen Erfolge erreichte Kern, als er von 2012 bis 2014 dreimal in Folge die Schweizer Meisterschaft im 3000m-Hindernislauf gewann sowie sich in derselben Disziplin im Jahr 2013 als wertvollstes internationales Resultat als Sechster ein Diplom an der Universiade in Kazan (RUS) erk\u00e4mpfte. Gesch\u00e4ftlich t\u00e4tig war Kern unter anderem mehrere Jahre im Verkauf und Marketing eines regionalen Medien-Unternehmens und gr\u00fcndete zudem 2019 mit \u00abRunaissance\u00bb eine eigene Laufcoaching-Firma. Dar\u00fcber hinaus kann Marco Kern ein abgeschlossenes Studium der Betriebs\u00f6konomie vorweisen.<\/p>\n\n\n\n<p>Bereits im November 2021 begann die ausf\u00fchrliche Einarbeitung mit einer Grundschulung in die Produkte sowie mit vielen gemeinsamen Terminen bei Kunden, Gesch\u00e4ftspartnern und auf Baustellen in der ganzen Schweiz. Der erste Schritt der offiziellen \u00dcbergabe erfolgte am 1. September 2022, ab dem sich Karl Meyer schrittweise aus dem operativen Gesch\u00e4ft zur\u00fcckzog. Ab dem 1. Januar 2023 liegt die volle Verantwortung nunmehr bei Marco Kern, wobei Karl Meyer per Beratervertrag jederzeit weiterhin bereit ist, zu unterst\u00fctzen, wenn seine Expertise gefragt ist.<\/p>\n\n\n\n<p>Die Conica AG hat mit diesem Schritt nach der Ernennung der COO-Position mit &nbsp;Lara Guillod im vergangenen Fr\u00fchjahr erneut eine Schl\u00fcsselposition mit einer dynamischen j\u00fcngeren Pers\u00f6nlichkeit besetzt und stellt damit die Weichen weiterhin in Richtung Zukunft.<\/p>\n\n\n\n<p><strong>\u00dcber Conica<\/strong><\/p>\n\n\n\n<p>Conica entwickelt und produziert seit \u00fcber 40 Jahren innovative fugenlose Flooring Solutions auf Basis von Polyurethan und Epoxydharzen f\u00fcr Sport, Spiel, Freizeit sowie andere Bereiche. Conica ist auf dem Gebiet einer der weltweiten Marktf\u00fchrer und Innovationstreiber. Die am Nutzer orientierten Anforderungen an technischer und sportfunktioneller Leistungsf\u00e4higkeit sowie Gebrauchstauglichkeit unter Gew\u00e4hrleistung gesundheitlicher Aspekte des Materials selbst und f\u00fcr den Nutzer stehen im Mittelpunkt der Produktentwicklung. Conica ist Teil der Serafin-Unternehmensgruppe mit Sitz in M\u00fcnchen.<\/p>\n","protected":false},"excerpt":{"rendered":"<p>Karl Meyer hat die nationale und internationale Geschichte sowie den weltweiten gesch\u00e4ftlichen Erfolg der Conica AG massgeblich mitgepr\u00e4gt. Ein Meilenstein unter seiner \u00c4gide war 1998 die Ausstattung von vier der ersten sechs Golden-League-Stadien (heute Diamond League) mit Conica-Bel\u00e4gen. Eine Auswahl weiterer internationaler Sportst\u00e4tten, die in Karl Meyers \u00c4ra mit Conica-Laufbahnen ausgestattet wurden: die Olympiastadien in [&hellip;]<\/p>\n","protected":false},"author":172,"featured_media":32418,"comment_status":"closed","ping_status":"closed","sticky":false,"template":"","format":"standard","meta":{"_acf_changed":false,"_uag_custom_page_level_css":"","_genesis_hide_title":false,"_genesis_hide_breadcrumbs":false,"_genesis_hide_singular_image":false,"_genesis_custom_body_class":"","_genesis_custom_post_class":"","_genesis_layout":"","footnotes":""},"categories":[1],"tags":[],"locations_categories":[],"class_list":{"0":"post-32406","1":"post","2":"type-post","3":"status-publish","4":"format-standard","5":"has-post-thumbnail","7":"category-news","8":"entry"},"acf":[],"yoast_head":"<!-- This site is optimized with the Yoast SEO plugin v27.4 - https:\/\/yoast.com\/product\/yoast-seo-wordpress\/ -->\n<title>Conica AG mit neuem Verkaufsleiter f\u00fcr die Schweiz<\/title>\n<meta name=\"description\" content=\"Im Januar 2023 hat der seit 1987 f\u00fcr die Schweizer Laufbahnspezialistin Conica AG im Verkauf und anderen Bereichen t\u00e4tige Karl Meyer den auf die Schweiz bezogenen Teil seiner fr\u00fcheren Aufgaben an Marco Kern \u00fcbertragen. Der ehemalige erfolgreiche Schweizer Mittel- und Langstreckenl\u00e4ufer wird damit neuer Verkaufsleiter f\u00fcr die Schweiz.\" \/>\n<meta name=\"robots\" content=\"index, follow, max-snippet:-1, max-image-preview:large, max-video-preview:-1\" \/>\n<link rel=\"canonical\" href=\"https:\/\/www.conica.com\/de\/conica-ag-mit-neuem-verkaufsleiter-fuer-die-schweiz\/\" \/>\n<meta property=\"og:locale\" content=\"de_DE\" \/>\n<meta property=\"og:type\" content=\"article\" \/>\n<meta property=\"og:title\" content=\"Conica AG mit neuem Verkaufsleiter f\u00fcr die Schweiz\" \/>\n<meta property=\"og:description\" content=\"Im Januar 2023 hat der seit 1987 f\u00fcr die Schweizer Laufbahnspezialistin Conica AG im Verkauf und anderen Bereichen t\u00e4tige Karl Meyer den auf die Schweiz bezogenen Teil seiner fr\u00fcheren Aufgaben an Marco Kern \u00fcbertragen. Der ehemalige erfolgreiche Schweizer Mittel- und Langstreckenl\u00e4ufer wird damit neuer Verkaufsleiter f\u00fcr die Schweiz.\" \/>\n<meta property=\"og:url\" content=\"https:\/\/www.conica.com\/de\/conica-ag-mit-neuem-verkaufsleiter-fuer-die-schweiz\/\" \/>\n<meta property=\"og:site_name\" content=\"CONICA AG\" \/>\n<meta property=\"article:published_time\" content=\"2023-03-02T13:38:26+00:00\" \/>\n<meta property=\"article:modified_time\" content=\"2025-08-12T13:59:28+00:00\" \/>\n<meta property=\"og:image\" content=\"https:\/\/www.conica.com\/wp-content\/uploads\/2023\/03\/Image-1.png\" \/>\n\t<meta property=\"og:image:width\" content=\"350\" \/>\n\t<meta property=\"og:image:height\" content=\"195\" \/>\n\t<meta property=\"og:image:type\" content=\"image\/png\" \/>\n<meta name=\"author\" content=\"Michelle Ebner\" \/>\n<meta name=\"twitter:card\" content=\"summary_large_image\" \/>\n<meta name=\"twitter:label1\" content=\"Verfasst von\" \/>\n\t<meta name=\"twitter:data1\" content=\"Michelle Ebner\" \/>\n\t<meta name=\"twitter:label2\" content=\"Gesch\u00e4tzte Lesezeit\" \/>\n\t<meta name=\"twitter:data2\" content=\"3\u00a0Minuten\" \/>\n<script type=\"application\/ld+json\" class=\"yoast-schema-graph\">{\"@context\":\"https:\\\/\\\/schema.org\",\"@graph\":[{\"@type\":\"Article\",\"@id\":\"https:\\\/\\\/www.conica.com\\\/de\\\/conica-ag-mit-neuem-verkaufsleiter-fuer-die-schweiz\\\/#article\",\"isPartOf\":{\"@id\":\"https:\\\/\\\/www.conica.com\\\/de\\\/conica-ag-mit-neuem-verkaufsleiter-fuer-die-schweiz\\\/\"},\"author\":{\"name\":\"Michelle Ebner\",\"@id\":\"https:\\\/\\\/www.conica.com\\\/it\\\/#\\\/schema\\\/person\\\/e2170a23e5f06c07efa948cbda6bef06\"},\"headline\":\"Karl Meyer \u00fcbergibt nach 36 Jahren den Staffelstab an Marco Kern\",\"datePublished\":\"2023-03-02T13:38:26+00:00\",\"dateModified\":\"2025-08-12T13:59:28+00:00\",\"mainEntityOfPage\":{\"@id\":\"https:\\\/\\\/www.conica.com\\\/de\\\/conica-ag-mit-neuem-verkaufsleiter-fuer-die-schweiz\\\/\"},\"wordCount\":473,\"publisher\":{\"@id\":\"https:\\\/\\\/www.conica.com\\\/it\\\/#organization\"},\"image\":{\"@id\":\"https:\\\/\\\/www.conica.com\\\/de\\\/conica-ag-mit-neuem-verkaufsleiter-fuer-die-schweiz\\\/#primaryimage\"},\"thumbnailUrl\":\"https:\\\/\\\/www.conica.com\\\/wp-content\\\/uploads\\\/2023\\\/03\\\/Image-1.png\",\"articleSection\":[\"News\"],\"inLanguage\":\"de\"},{\"@type\":\"WebPage\",\"@id\":\"https:\\\/\\\/www.conica.com\\\/de\\\/conica-ag-mit-neuem-verkaufsleiter-fuer-die-schweiz\\\/\",\"url\":\"https:\\\/\\\/www.conica.com\\\/de\\\/conica-ag-mit-neuem-verkaufsleiter-fuer-die-schweiz\\\/\",\"name\":\"Conica AG mit neuem Verkaufsleiter f\u00fcr die Schweiz\",\"isPartOf\":{\"@id\":\"https:\\\/\\\/www.conica.com\\\/it\\\/#website\"},\"primaryImageOfPage\":{\"@id\":\"https:\\\/\\\/www.conica.com\\\/de\\\/conica-ag-mit-neuem-verkaufsleiter-fuer-die-schweiz\\\/#primaryimage\"},\"image\":{\"@id\":\"https:\\\/\\\/www.conica.com\\\/de\\\/conica-ag-mit-neuem-verkaufsleiter-fuer-die-schweiz\\\/#primaryimage\"},\"thumbnailUrl\":\"https:\\\/\\\/www.conica.com\\\/wp-content\\\/uploads\\\/2023\\\/03\\\/Image-1.png\",\"datePublished\":\"2023-03-02T13:38:26+00:00\",\"dateModified\":\"2025-08-12T13:59:28+00:00\",\"description\":\"Im Januar 2023 hat der seit 1987 f\u00fcr die Schweizer Laufbahnspezialistin Conica AG im Verkauf und anderen Bereichen t\u00e4tige Karl Meyer den auf die Schweiz bezogenen Teil seiner fr\u00fcheren Aufgaben an Marco Kern \u00fcbertragen. Der ehemalige erfolgreiche Schweizer Mittel- und Langstreckenl\u00e4ufer wird damit neuer Verkaufsleiter f\u00fcr die Schweiz.\",\"breadcrumb\":{\"@id\":\"https:\\\/\\\/www.conica.com\\\/de\\\/conica-ag-mit-neuem-verkaufsleiter-fuer-die-schweiz\\\/#breadcrumb\"},\"inLanguage\":\"de\",\"potentialAction\":[{\"@type\":\"ReadAction\",\"target\":[\"https:\\\/\\\/www.conica.com\\\/de\\\/conica-ag-mit-neuem-verkaufsleiter-fuer-die-schweiz\\\/\"]}]},{\"@type\":\"ImageObject\",\"inLanguage\":\"de\",\"@id\":\"https:\\\/\\\/www.conica.com\\\/de\\\/conica-ag-mit-neuem-verkaufsleiter-fuer-die-schweiz\\\/#primaryimage\",\"url\":\"https:\\\/\\\/www.conica.com\\\/wp-content\\\/uploads\\\/2023\\\/03\\\/Image-1.png\",\"contentUrl\":\"https:\\\/\\\/www.conica.com\\\/wp-content\\\/uploads\\\/2023\\\/03\\\/Image-1.png\",\"width\":350,\"height\":195},{\"@type\":\"BreadcrumbList\",\"@id\":\"https:\\\/\\\/www.conica.com\\\/de\\\/conica-ag-mit-neuem-verkaufsleiter-fuer-die-schweiz\\\/#breadcrumb\",\"itemListElement\":[{\"@type\":\"ListItem\",\"position\":1,\"name\":\"Home\",\"item\":\"https:\\\/\\\/www.conica.com\\\/de\\\/\"},{\"@type\":\"ListItem\",\"position\":2,\"name\":\"Karl Meyer \u00fcbergibt nach 36 Jahren den Staffelstab an Marco Kern\"}]},{\"@type\":\"WebSite\",\"@id\":\"https:\\\/\\\/www.conica.com\\\/it\\\/#website\",\"url\":\"https:\\\/\\\/www.conica.com\\\/it\\\/\",\"name\":\"CONICA AG\",\"description\":\"Sport-, Playground- und Functional Flooring Bel\u00e4ge\",\"publisher\":{\"@id\":\"https:\\\/\\\/www.conica.com\\\/it\\\/#organization\"},\"potentialAction\":[{\"@type\":\"SearchAction\",\"target\":{\"@type\":\"EntryPoint\",\"urlTemplate\":\"https:\\\/\\\/www.conica.com\\\/it\\\/?s={search_term_string}\"},\"query-input\":{\"@type\":\"PropertyValueSpecification\",\"valueRequired\":true,\"valueName\":\"search_term_string\"}}],\"inLanguage\":\"de\"},{\"@type\":\"Organization\",\"@id\":\"https:\\\/\\\/www.conica.com\\\/it\\\/#organization\",\"name\":\"CONICA AG\",\"url\":\"https:\\\/\\\/www.conica.com\\\/it\\\/\",\"logo\":{\"@type\":\"ImageObject\",\"inLanguage\":\"de\",\"@id\":\"https:\\\/\\\/www.conica.com\\\/it\\\/#\\\/schema\\\/logo\\\/image\\\/\",\"url\":\"https:\\\/\\\/www.conica.com\\\/wp-content\\\/uploads\\\/2020\\\/04\\\/logo_conica-01.svg\",\"contentUrl\":\"https:\\\/\\\/www.conica.com\\\/wp-content\\\/uploads\\\/2020\\\/04\\\/logo_conica-01.svg\",\"caption\":\"CONICA AG\"},\"image\":{\"@id\":\"https:\\\/\\\/www.conica.com\\\/it\\\/#\\\/schema\\\/logo\\\/image\\\/\"}},{\"@type\":\"Person\",\"@id\":\"https:\\\/\\\/www.conica.com\\\/it\\\/#\\\/schema\\\/person\\\/e2170a23e5f06c07efa948cbda6bef06\",\"name\":\"Michelle Ebner\",\"image\":{\"@type\":\"ImageObject\",\"inLanguage\":\"de\",\"@id\":\"https:\\\/\\\/secure.gravatar.com\\\/avatar\\\/6d9390cbb6fc8f4c1a904247ff8b12f70826bd48fada6c883b5634d068b4150b?s=96&d=mm&r=g\",\"url\":\"https:\\\/\\\/secure.gravatar.com\\\/avatar\\\/6d9390cbb6fc8f4c1a904247ff8b12f70826bd48fada6c883b5634d068b4150b?s=96&d=mm&r=g\",\"contentUrl\":\"https:\\\/\\\/secure.gravatar.com\\\/avatar\\\/6d9390cbb6fc8f4c1a904247ff8b12f70826bd48fada6c883b5634d068b4150b?s=96&d=mm&r=g\",\"caption\":\"Michelle Ebner\"}}]}<\/script>\n<!-- \/ Yoast SEO plugin. -->","yoast_head_json":{"title":"Conica AG mit neuem Verkaufsleiter f\u00fcr die Schweiz","description":"Im Januar 2023 hat der seit 1987 f\u00fcr die Schweizer Laufbahnspezialistin Conica AG im Verkauf und anderen Bereichen t\u00e4tige Karl Meyer den auf die Schweiz bezogenen Teil seiner fr\u00fcheren Aufgaben an Marco Kern \u00fcbertragen. Der ehemalige erfolgreiche Schweizer Mittel- und Langstreckenl\u00e4ufer wird damit neuer Verkaufsleiter f\u00fcr die Schweiz.","robots":{"index":"index","follow":"follow","max-snippet":"max-snippet:-1","max-image-preview":"max-image-preview:large","max-video-preview":"max-video-preview:-1"},"canonical":"https:\/\/www.conica.com\/de\/conica-ag-mit-neuem-verkaufsleiter-fuer-die-schweiz\/","og_locale":"de_DE","og_type":"article","og_title":"Conica AG mit neuem Verkaufsleiter f\u00fcr die Schweiz","og_description":"Im Januar 2023 hat der seit 1987 f\u00fcr die Schweizer Laufbahnspezialistin Conica AG im Verkauf und anderen Bereichen t\u00e4tige Karl Meyer den auf die Schweiz bezogenen Teil seiner fr\u00fcheren Aufgaben an Marco Kern \u00fcbertragen. Der ehemalige erfolgreiche Schweizer Mittel- und Langstreckenl\u00e4ufer wird damit neuer Verkaufsleiter f\u00fcr die Schweiz.","og_url":"https:\/\/www.conica.com\/de\/conica-ag-mit-neuem-verkaufsleiter-fuer-die-schweiz\/","og_site_name":"CONICA AG","article_published_time":"2023-03-02T13:38:26+00:00","article_modified_time":"2025-08-12T13:59:28+00:00","og_image":[{"width":350,"height":195,"url":"https:\/\/www.conica.com\/wp-content\/uploads\/2023\/03\/Image-1.png","type":"image\/png"}],"author":"Michelle Ebner","twitter_card":"summary_large_image","twitter_misc":{"Verfasst von":"Michelle Ebner","Gesch\u00e4tzte Lesezeit":"3\u00a0Minuten"},"schema":{"@context":"https:\/\/schema.org","@graph":[{"@type":"Article","@id":"https:\/\/www.conica.com\/de\/conica-ag-mit-neuem-verkaufsleiter-fuer-die-schweiz\/#article","isPartOf":{"@id":"https:\/\/www.conica.com\/de\/conica-ag-mit-neuem-verkaufsleiter-fuer-die-schweiz\/"},"author":{"name":"Michelle Ebner","@id":"https:\/\/www.conica.com\/it\/#\/schema\/person\/e2170a23e5f06c07efa948cbda6bef06"},"headline":"Karl Meyer \u00fcbergibt nach 36 Jahren den Staffelstab an Marco Kern","datePublished":"2023-03-02T13:38:26+00:00","dateModified":"2025-08-12T13:59:28+00:00","mainEntityOfPage":{"@id":"https:\/\/www.conica.com\/de\/conica-ag-mit-neuem-verkaufsleiter-fuer-die-schweiz\/"},"wordCount":473,"publisher":{"@id":"https:\/\/www.conica.com\/it\/#organization"},"image":{"@id":"https:\/\/www.conica.com\/de\/conica-ag-mit-neuem-verkaufsleiter-fuer-die-schweiz\/#primaryimage"},"thumbnailUrl":"https:\/\/www.conica.com\/wp-content\/uploads\/2023\/03\/Image-1.png","articleSection":["News"],"inLanguage":"de"},{"@type":"WebPage","@id":"https:\/\/www.conica.com\/de\/conica-ag-mit-neuem-verkaufsleiter-fuer-die-schweiz\/","url":"https:\/\/www.conica.com\/de\/conica-ag-mit-neuem-verkaufsleiter-fuer-die-schweiz\/","name":"Conica AG mit neuem Verkaufsleiter f\u00fcr die Schweiz","isPartOf":{"@id":"https:\/\/www.conica.com\/it\/#website"},"primaryImageOfPage":{"@id":"https:\/\/www.conica.com\/de\/conica-ag-mit-neuem-verkaufsleiter-fuer-die-schweiz\/#primaryimage"},"image":{"@id":"https:\/\/www.conica.com\/de\/conica-ag-mit-neuem-verkaufsleiter-fuer-die-schweiz\/#primaryimage"},"thumbnailUrl":"https:\/\/www.conica.com\/wp-content\/uploads\/2023\/03\/Image-1.png","datePublished":"2023-03-02T13:38:26+00:00","dateModified":"2025-08-12T13:59:28+00:00","description":"Im Januar 2023 hat der seit 1987 f\u00fcr die Schweizer Laufbahnspezialistin Conica AG im Verkauf und anderen Bereichen t\u00e4tige Karl Meyer den auf die Schweiz bezogenen Teil seiner fr\u00fcheren Aufgaben an Marco Kern \u00fcbertragen. Der ehemalige erfolgreiche Schweizer Mittel- und Langstreckenl\u00e4ufer wird damit neuer Verkaufsleiter f\u00fcr die Schweiz.","breadcrumb":{"@id":"https:\/\/www.conica.com\/de\/conica-ag-mit-neuem-verkaufsleiter-fuer-die-schweiz\/#breadcrumb"},"inLanguage":"de","potentialAction":[{"@type":"ReadAction","target":["https:\/\/www.conica.com\/de\/conica-ag-mit-neuem-verkaufsleiter-fuer-die-schweiz\/"]}]},{"@type":"ImageObject","inLanguage":"de","@id":"https:\/\/www.conica.com\/de\/conica-ag-mit-neuem-verkaufsleiter-fuer-die-schweiz\/#primaryimage","url":"https:\/\/www.conica.com\/wp-content\/uploads\/2023\/03\/Image-1.png","contentUrl":"https:\/\/www.conica.com\/wp-content\/uploads\/2023\/03\/Image-1.png","width":350,"height":195},{"@type":"BreadcrumbList","@id":"https:\/\/www.conica.com\/de\/conica-ag-mit-neuem-verkaufsleiter-fuer-die-schweiz\/#breadcrumb","itemListElement":[{"@type":"ListItem","position":1,"name":"Home","item":"https:\/\/www.conica.com\/de\/"},{"@type":"ListItem","position":2,"name":"Karl Meyer \u00fcbergibt nach 36 Jahren den Staffelstab an Marco Kern"}]},{"@type":"WebSite","@id":"https:\/\/www.conica.com\/it\/#website","url":"https:\/\/www.conica.com\/it\/","name":"CONICA AG","description":"Sport-, Playground- und Functional Flooring Bel\u00e4ge","publisher":{"@id":"https:\/\/www.conica.com\/it\/#organization"},"potentialAction":[{"@type":"SearchAction","target":{"@type":"EntryPoint","urlTemplate":"https:\/\/www.conica.com\/it\/?s={search_term_string}"},"query-input":{"@type":"PropertyValueSpecification","valueRequired":true,"valueName":"search_term_string"}}],"inLanguage":"de"},{"@type":"Organization","@id":"https:\/\/www.conica.com\/it\/#organization","name":"CONICA AG","url":"https:\/\/www.conica.com\/it\/","logo":{"@type":"ImageObject","inLanguage":"de","@id":"https:\/\/www.conica.com\/it\/#\/schema\/logo\/image\/","url":"https:\/\/www.conica.com\/wp-content\/uploads\/2020\/04\/logo_conica-01.svg","contentUrl":"https:\/\/www.conica.com\/wp-content\/uploads\/2020\/04\/logo_conica-01.svg","caption":"CONICA AG"},"image":{"@id":"https:\/\/www.conica.com\/it\/#\/schema\/logo\/image\/"}},{"@type":"Person","@id":"https:\/\/www.conica.com\/it\/#\/schema\/person\/e2170a23e5f06c07efa948cbda6bef06","name":"Michelle Ebner","image":{"@type":"ImageObject","inLanguage":"de","@id":"https:\/\/secure.gravatar.com\/avatar\/6d9390cbb6fc8f4c1a904247ff8b12f70826bd48fada6c883b5634d068b4150b?s=96&d=mm&r=g","url":"https:\/\/secure.gravatar.com\/avatar\/6d9390cbb6fc8f4c1a904247ff8b12f70826bd48fada6c883b5634d068b4150b?s=96&d=mm&r=g","contentUrl":"https:\/\/secure.gravatar.com\/avatar\/6d9390cbb6fc8f4c1a904247ff8b12f70826bd48fada6c883b5634d068b4150b?s=96&d=mm&r=g","caption":"Michelle Ebner"}}]}},"featured_image_src":"https:\/\/www.conica.com\/wp-content\/uploads\/2023\/03\/Image-1.png","featured_image_src_square":"https:\/\/www.conica.com\/wp-content\/uploads\/2023\/03\/Image-1.png","author_info":{"display_name":"Michelle Ebner","author_link":"https:\/\/www.conica.com\/de\/author\/michelle-ebner\/"},"uagb_featured_image_src":{"full":["https:\/\/www.conica.com\/wp-content\/uploads\/2023\/03\/Image-1.png",350,195,false],"thumbnail":["https:\/\/www.conica.com\/wp-content\/uploads\/2023\/03\/Image-1-150x150.png",150,150,true],"medium":["https:\/\/www.conica.com\/wp-content\/uploads\/2023\/03\/Image-1-300x167.png",300,167,true],"medium_large":["https:\/\/www.conica.com\/wp-content\/uploads\/2023\/03\/Image-1.png",350,195,false],"large":["https:\/\/www.conica.com\/wp-content\/uploads\/2023\/03\/Image-1.png",350,195,false],"gs-tiny":["https:\/\/www.conica.com\/wp-content\/uploads\/2023\/03\/Image-1.png",50,28,false],"xl":["https:\/\/www.conica.com\/wp-content\/uploads\/2023\/03\/Image-1.png",350,195,false],"xxl":["https:\/\/www.conica.com\/wp-content\/uploads\/2023\/03\/Image-1.png",350,195,false],"xxxl":["https:\/\/www.conica.com\/wp-content\/uploads\/2023\/03\/Image-1.png",350,195,false],"xxxxl":["https:\/\/www.conica.com\/wp-content\/uploads\/2023\/03\/Image-1.png",350,195,false],"xxxxxl":["https:\/\/www.conica.com\/wp-content\/uploads\/2023\/03\/Image-1.png",350,195,false],"gts-thumbnail":["https:\/\/www.conica.com\/wp-content\/uploads\/2023\/03\/Image-1-100x100.png",100,100,true],"1536x1536":["https:\/\/www.conica.com\/wp-content\/uploads\/2023\/03\/Image-1.png",350,195,false],"2048x2048":["https:\/\/www.conica.com\/wp-content\/uploads\/2023\/03\/Image-1.png",350,195,false],"sidebar-featured":["https:\/\/www.conica.com\/wp-content\/uploads\/2023\/03\/Image-1-75x75.png",75,75,true],"genesis-singular-images":["https:\/\/www.conica.com\/wp-content\/uploads\/2023\/03\/Image-1.png",350,195,false],"ab-block-post-grid-landscape":["https:\/\/www.conica.com\/wp-content\/uploads\/2023\/03\/Image-1.png",350,195,false],"ab-block-post-grid-square":["https:\/\/www.conica.com\/wp-content\/uploads\/2023\/03\/Image-1.png",350,195,false],"gform-image-choice-sm":["https:\/\/www.conica.com\/wp-content\/uploads\/2023\/03\/Image-1.png",300,167,false],"gform-image-choice-md":["https:\/\/www.conica.com\/wp-content\/uploads\/2023\/03\/Image-1.png",350,195,false],"gform-image-choice-lg":["https:\/\/www.conica.com\/wp-content\/uploads\/2023\/03\/Image-1.png",350,195,false]},"uagb_author_info":{"display_name":"Michelle Ebner","author_link":"https:\/\/www.conica.com\/de\/author\/michelle-ebner\/"},"uagb_comment_info":0,"uagb_excerpt":"Karl Meyer hat die nationale und internationale Geschichte sowie den weltweiten gesch\u00e4ftlichen Erfolg der Conica AG massgeblich mitgepr\u00e4gt. Ein Meilenstein unter seiner \u00c4gide war 1998 die Ausstattung von vier der ersten sechs Golden-League-Stadien (heute Diamond League) mit Conica-Bel\u00e4gen. Eine Auswahl weiterer internationaler Sportst\u00e4tten, die in Karl Meyers \u00c4ra mit Conica-Laufbahnen ausgestattet wurden: die Olympiastadien in&hellip;","_links":{"self":[{"href":"https:\/\/www.conica.com\/de\/wp-json\/wp\/v2\/posts\/32406","targetHints":{"allow":["GET"]}}],"collection":[{"href":"https:\/\/www.conica.com\/de\/wp-json\/wp\/v2\/posts"}],"about":[{"href":"https:\/\/www.conica.com\/de\/wp-json\/wp\/v2\/types\/post"}],"author":[{"embeddable":true,"href":"https:\/\/www.conica.com\/de\/wp-json\/wp\/v2\/users\/172"}],"replies":[{"embeddable":true,"href":"https:\/\/www.conica.com\/de\/wp-json\/wp\/v2\/comments?post=32406"}],"version-history":[{"count":1,"href":"https:\/\/www.conica.com\/de\/wp-json\/wp\/v2\/posts\/32406\/revisions"}],"predecessor-version":[{"id":44726,"href":"https:\/\/www.conica.com\/de\/wp-json\/wp\/v2\/posts\/32406\/revisions\/44726"}],"wp:featuredmedia":[{"embeddable":true,"href":"https:\/\/www.conica.com\/de\/wp-json\/wp\/v2\/media\/32418"}],"wp:attachment":[{"href":"https:\/\/www.conica.com\/de\/wp-json\/wp\/v2\/media?parent=32406"}],"wp:term":[{"taxonomy":"category","embeddable":true,"href":"https:\/\/www.conica.com\/de\/wp-json\/wp\/v2\/categories?post=32406"},{"taxonomy":"post_tag","embeddable":true,"href":"https:\/\/www.conica.com\/de\/wp-json\/wp\/v2\/tags?post=32406"},{"taxonomy":"locations_categories","embeddable":true,"href":"https:\/\/www.conica.com\/de\/wp-json\/wp\/v2\/locations_categories?post=32406"}],"curies":[{"name":"wp","href":"https:\/\/api.w.org\/{rel}","templated":true}]}}