{"id":16567,"date":"2018-02-27T07:36:50","date_gmt":"2018-02-27T06:36:50","guid":{"rendered":"https:\/\/www.conica.com\/conica-beim-salon-des-mandataires\/"},"modified":"2021-05-19T12:13:46","modified_gmt":"2021-05-19T10:13:46","slug":"conica-beim-salon-des-mandataires","status":"publish","type":"post","link":"https:\/\/www.conica.com\/fr\/conica-beim-salon-des-mandataires\/","title":{"rendered":"CONICA AT SALON DES MANDATAIRES IN BELGIEN"},"content":{"rendered":"<div class=\"wp-block-atomic-blocks-ab-container ab-block-container alignfull\">\r\n    <div class=\"ab-container-inside\">\r\n        <div class=\"ab-container-content\">\r\n            <div class=\"wp-block-atomic-blocks-ab-columns page-intro ab-layout-columns-2 ab-2-col-equal alignwide\">\r\n                <div class=\"ab-layout-column-wrap ab-block-layout-column-gap-2 ab-is-responsive-column\">\r\n                    <div class=\"wp-block-atomic-blocks-ab-column ab-block-layout-column\">\r\n                        <div class=\"ab-block-layout-column-inner news-header\">\r\n                            <h1>CONICA AT SALON DES MANDATAIRES IN BELGIEN<\/h1>\r\n                            <p>27 f\u00e9vrier 2018<\/p>\r\n                        <\/div>\r\n                    <\/div>\r\n                    <div class=\"wp-block-atomic-blocks-ab-column ab-block-layout-column\">\r\n                        <div class=\"ab-block-layout-column-inner\">\r\n                            <p> For the first time, CONICA participated in the SALON DES MANDATAIRES in Belgium. Together with the partner company 4M Europe, CONICA was able to present itself to its customers from the BENELUX countries.<\/p>\r\n                        <\/div>\r\n                    <\/div>\r\n                <\/div>\r\n            <\/div>\r\n        <\/div>\r\n    <\/div>\r\n<\/div>\r\n\n\n\n<div class=\"wp-block-atomic-blocks-ab-container ab-block-container alignfull\"><div class=\"ab-container-inside\"><div class=\"ab-container-content\">\n<figure class=\"wp-block-image alignfull size-large\"><img decoding=\"async\" width=\"982\" height=\"436\" src=\"https:\/\/www.conica.com\/wp-content\/uploads\/2020\/07\/Salon-des-Mandataires2-002.png\" alt=\"\" class=\"wp-image-2449\" srcset=\"https:\/\/www.conica.com\/wp-content\/uploads\/2020\/07\/Salon-des-Mandataires2-002.png 982w, https:\/\/www.conica.com\/wp-content\/uploads\/2020\/07\/Salon-des-Mandataires2-002-300x133.png 300w, https:\/\/www.conica.com\/wp-content\/uploads\/2020\/07\/Salon-des-Mandataires2-002-768x341.png 768w\" sizes=\"(max-width: 982px) 100vw, 982px\" \/><\/figure>\n\n\n\n<p><\/p>\n<\/div><\/div><\/div>\n\n\n\n<p>On the 8th and 9th of February 2018 the SALON DES MANDATAIRES opend the doors for the 13th time. It is an exceptional platform that allows regional companies to show their know-how and to meet the leaders of municipalities, provinces, associations, autonomous bodies and other public interest organizations.<\/p>\n\n\n\n<p>CONICA contact BENELUX:<\/p>\n\n\n\n<p>Freddy De Bock<br>Phone: +44(0)1636 642 460<br>Mobile: +32 475 835 649<br><a href=\"mailto:freddy.debock@conica.com\">freddy.debock@conica.com<\/a><\/p>\n","protected":false},"excerpt":{"rendered":"<p>On the 8th and 9th of February 2018 the SALON DES MANDATAIRES opend the doors for the 13th time. It is an exceptional platform that allows regional companies to show their know-how and to meet the leaders of municipalities, provinces, associations, autonomous bodies and other public interest organizations. CONICA contact BENELUX: Freddy De BockPhone: +44(0)1636 [&hellip;]<\/p>\n","protected":false},"author":8,"featured_media":16568,"comment_status":"closed","ping_status":"closed","sticky":false,"template":"","format":"standard","meta":{"_acf_changed":false,"_uag_custom_page_level_css":"","_genesis_hide_title":false,"_genesis_hide_breadcrumbs":false,"_genesis_hide_singular_image":false,"_genesis_custom_body_class":"","_genesis_custom_post_class":"","_genesis_layout":"","footnotes":""},"categories":[12],"tags":[],"locations_categories":[303,305,307,309],"class_list":{"0":"post-16567","1":"post","2":"type-post","3":"status-publish","4":"format-standard","5":"has-post-thumbnail","7":"category-news","8":"locations_categories-functional-flooring-en","9":"locations_categories-industrial-flooring-en","10":"locations_categories-playgrounds-en","11":"locations_categories-sports-flooring-en","12":"entry"},"acf":[],"yoast_head":"<!-- This site is optimized with the Yoast SEO plugin v27.4 - https:\/\/yoast.com\/product\/yoast-seo-wordpress\/ -->\n<title>CONICA AT SALON DES MANDATAIRES IN BELGIEN - CONICA AG<\/title>\n<meta name=\"robots\" content=\"index, follow, max-snippet:-1, max-image-preview:large, max-video-preview:-1\" \/>\n<link rel=\"canonical\" href=\"https:\/\/www.conica.com\/fr\/conica-beim-salon-des-mandataires\/\" \/>\n<meta property=\"og:locale\" content=\"fr_FR\" \/>\n<meta property=\"og:type\" content=\"article\" \/>\n<meta property=\"og:title\" content=\"CONICA AT SALON DES MANDATAIRES IN BELGIEN - CONICA AG\" \/>\n<meta property=\"og:description\" content=\"On the 8th and 9th of February 2018 the SALON DES MANDATAIRES opend the doors for the 13th time. It is an exceptional platform that allows regional companies to show their know-how and to meet the leaders of municipalities, provinces, associations, autonomous bodies and other public interest organizations. CONICA contact BENELUX: Freddy De BockPhone: +44(0)1636 [&hellip;]\" \/>\n<meta property=\"og:url\" content=\"https:\/\/www.conica.com\/fr\/conica-beim-salon-des-mandataires\/\" \/>\n<meta property=\"og:site_name\" content=\"CONICA AG\" \/>\n<meta property=\"article:published_time\" content=\"2018-02-27T06:36:50+00:00\" \/>\n<meta property=\"article:modified_time\" content=\"2021-05-19T10:13:46+00:00\" \/>\n<meta property=\"og:image\" content=\"https:\/\/www.conica.com\/wp-content\/uploads\/2020\/07\/Salon-des-Mandataires2-002.png\" \/>\n\t<meta property=\"og:image:width\" content=\"982\" \/>\n\t<meta property=\"og:image:height\" content=\"436\" \/>\n\t<meta property=\"og:image:type\" content=\"image\/png\" \/>\n<meta name=\"author\" content=\"cloudweb admin\" \/>\n<meta name=\"twitter:card\" content=\"summary_large_image\" \/>\n<meta name=\"twitter:label1\" content=\"\u00c9crit par\" \/>\n\t<meta name=\"twitter:data1\" content=\"cloudweb admin\" \/>\n\t<meta name=\"twitter:label2\" content=\"Dur\u00e9e de lecture estim\u00e9e\" \/>\n\t<meta name=\"twitter:data2\" content=\"1 minute\" \/>\n<script type=\"application\/ld+json\" class=\"yoast-schema-graph\">{\"@context\":\"https:\\\/\\\/schema.org\",\"@graph\":[{\"@type\":\"Article\",\"@id\":\"https:\\\/\\\/www.conica.com\\\/fr\\\/conica-beim-salon-des-mandataires\\\/#article\",\"isPartOf\":{\"@id\":\"https:\\\/\\\/www.conica.com\\\/fr\\\/conica-beim-salon-des-mandataires\\\/\"},\"author\":{\"name\":\"cloudweb admin\",\"@id\":\"https:\\\/\\\/www.conica.com\\\/it\\\/#\\\/schema\\\/person\\\/21a28360f827ea08a260c39002caa02d\"},\"headline\":\"CONICA AT SALON DES MANDATAIRES IN BELGIEN\",\"datePublished\":\"2018-02-27T06:36:50+00:00\",\"dateModified\":\"2021-05-19T10:13:46+00:00\",\"mainEntityOfPage\":{\"@id\":\"https:\\\/\\\/www.conica.com\\\/fr\\\/conica-beim-salon-des-mandataires\\\/\"},\"wordCount\":65,\"publisher\":{\"@id\":\"https:\\\/\\\/www.conica.com\\\/it\\\/#organization\"},\"image\":{\"@id\":\"https:\\\/\\\/www.conica.com\\\/fr\\\/conica-beim-salon-des-mandataires\\\/#primaryimage\"},\"thumbnailUrl\":\"https:\\\/\\\/www.conica.com\\\/wp-content\\\/uploads\\\/2020\\\/07\\\/Salon-des-Mandataires2-002.png\",\"articleSection\":[\"News\"],\"inLanguage\":\"fr-FR\"},{\"@type\":\"WebPage\",\"@id\":\"https:\\\/\\\/www.conica.com\\\/fr\\\/conica-beim-salon-des-mandataires\\\/\",\"url\":\"https:\\\/\\\/www.conica.com\\\/fr\\\/conica-beim-salon-des-mandataires\\\/\",\"name\":\"CONICA AT SALON DES MANDATAIRES IN BELGIEN - CONICA AG\",\"isPartOf\":{\"@id\":\"https:\\\/\\\/www.conica.com\\\/it\\\/#website\"},\"primaryImageOfPage\":{\"@id\":\"https:\\\/\\\/www.conica.com\\\/fr\\\/conica-beim-salon-des-mandataires\\\/#primaryimage\"},\"image\":{\"@id\":\"https:\\\/\\\/www.conica.com\\\/fr\\\/conica-beim-salon-des-mandataires\\\/#primaryimage\"},\"thumbnailUrl\":\"https:\\\/\\\/www.conica.com\\\/wp-content\\\/uploads\\\/2020\\\/07\\\/Salon-des-Mandataires2-002.png\",\"datePublished\":\"2018-02-27T06:36:50+00:00\",\"dateModified\":\"2021-05-19T10:13:46+00:00\",\"breadcrumb\":{\"@id\":\"https:\\\/\\\/www.conica.com\\\/fr\\\/conica-beim-salon-des-mandataires\\\/#breadcrumb\"},\"inLanguage\":\"fr-FR\",\"potentialAction\":[{\"@type\":\"ReadAction\",\"target\":[\"https:\\\/\\\/www.conica.com\\\/fr\\\/conica-beim-salon-des-mandataires\\\/\"]}]},{\"@type\":\"ImageObject\",\"inLanguage\":\"fr-FR\",\"@id\":\"https:\\\/\\\/www.conica.com\\\/fr\\\/conica-beim-salon-des-mandataires\\\/#primaryimage\",\"url\":\"https:\\\/\\\/www.conica.com\\\/wp-content\\\/uploads\\\/2020\\\/07\\\/Salon-des-Mandataires2-002.png\",\"contentUrl\":\"https:\\\/\\\/www.conica.com\\\/wp-content\\\/uploads\\\/2020\\\/07\\\/Salon-des-Mandataires2-002.png\",\"width\":982,\"height\":436},{\"@type\":\"BreadcrumbList\",\"@id\":\"https:\\\/\\\/www.conica.com\\\/fr\\\/conica-beim-salon-des-mandataires\\\/#breadcrumb\",\"itemListElement\":[{\"@type\":\"ListItem\",\"position\":1,\"name\":\"Home\",\"item\":\"https:\\\/\\\/www.conica.com\\\/fr\\\/\"},{\"@type\":\"ListItem\",\"position\":2,\"name\":\"CONICA AT SALON DES MANDATAIRES IN BELGIEN\"}]},{\"@type\":\"WebSite\",\"@id\":\"https:\\\/\\\/www.conica.com\\\/it\\\/#website\",\"url\":\"https:\\\/\\\/www.conica.com\\\/it\\\/\",\"name\":\"CONICA AG\",\"description\":\"Sport-, Playground- und Functional Flooring Bel\u00e4ge\",\"publisher\":{\"@id\":\"https:\\\/\\\/www.conica.com\\\/it\\\/#organization\"},\"potentialAction\":[{\"@type\":\"SearchAction\",\"target\":{\"@type\":\"EntryPoint\",\"urlTemplate\":\"https:\\\/\\\/www.conica.com\\\/it\\\/?s={search_term_string}\"},\"query-input\":{\"@type\":\"PropertyValueSpecification\",\"valueRequired\":true,\"valueName\":\"search_term_string\"}}],\"inLanguage\":\"fr-FR\"},{\"@type\":\"Organization\",\"@id\":\"https:\\\/\\\/www.conica.com\\\/it\\\/#organization\",\"name\":\"CONICA AG\",\"url\":\"https:\\\/\\\/www.conica.com\\\/it\\\/\",\"logo\":{\"@type\":\"ImageObject\",\"inLanguage\":\"fr-FR\",\"@id\":\"https:\\\/\\\/www.conica.com\\\/it\\\/#\\\/schema\\\/logo\\\/image\\\/\",\"url\":\"https:\\\/\\\/www.conica.com\\\/wp-content\\\/uploads\\\/2020\\\/04\\\/logo_conica-01.svg\",\"contentUrl\":\"https:\\\/\\\/www.conica.com\\\/wp-content\\\/uploads\\\/2020\\\/04\\\/logo_conica-01.svg\",\"caption\":\"CONICA AG\"},\"image\":{\"@id\":\"https:\\\/\\\/www.conica.com\\\/it\\\/#\\\/schema\\\/logo\\\/image\\\/\"}},{\"@type\":\"Person\",\"@id\":\"https:\\\/\\\/www.conica.com\\\/it\\\/#\\\/schema\\\/person\\\/21a28360f827ea08a260c39002caa02d\",\"name\":\"cloudweb admin\",\"image\":{\"@type\":\"ImageObject\",\"inLanguage\":\"fr-FR\",\"@id\":\"https:\\\/\\\/secure.gravatar.com\\\/avatar\\\/606f72c7df6210eef0ba3cb7dbdf2188f05a4e3d78921dd69ff68542ad576340?s=96&d=mm&r=g\",\"url\":\"https:\\\/\\\/secure.gravatar.com\\\/avatar\\\/606f72c7df6210eef0ba3cb7dbdf2188f05a4e3d78921dd69ff68542ad576340?s=96&d=mm&r=g\",\"contentUrl\":\"https:\\\/\\\/secure.gravatar.com\\\/avatar\\\/606f72c7df6210eef0ba3cb7dbdf2188f05a4e3d78921dd69ff68542ad576340?s=96&d=mm&r=g\",\"caption\":\"cloudweb admin\"}}]}<\/script>\n<!-- \/ Yoast SEO plugin. -->","yoast_head_json":{"title":"CONICA AT SALON DES MANDATAIRES IN BELGIEN - CONICA AG","robots":{"index":"index","follow":"follow","max-snippet":"max-snippet:-1","max-image-preview":"max-image-preview:large","max-video-preview":"max-video-preview:-1"},"canonical":"https:\/\/www.conica.com\/fr\/conica-beim-salon-des-mandataires\/","og_locale":"fr_FR","og_type":"article","og_title":"CONICA AT SALON DES MANDATAIRES IN BELGIEN - CONICA AG","og_description":"On the 8th and 9th of February 2018 the SALON DES MANDATAIRES opend the doors for the 13th time. It is an exceptional platform that allows regional companies to show their know-how and to meet the leaders of municipalities, provinces, associations, autonomous bodies and other public interest organizations. CONICA contact BENELUX: Freddy De BockPhone: +44(0)1636 [&hellip;]","og_url":"https:\/\/www.conica.com\/fr\/conica-beim-salon-des-mandataires\/","og_site_name":"CONICA AG","article_published_time":"2018-02-27T06:36:50+00:00","article_modified_time":"2021-05-19T10:13:46+00:00","og_image":[{"width":982,"height":436,"url":"https:\/\/www.conica.com\/wp-content\/uploads\/2020\/07\/Salon-des-Mandataires2-002.png","type":"image\/png"}],"author":"cloudweb admin","twitter_card":"summary_large_image","twitter_misc":{"\u00c9crit par":"cloudweb admin","Dur\u00e9e de lecture estim\u00e9e":"1 minute"},"schema":{"@context":"https:\/\/schema.org","@graph":[{"@type":"Article","@id":"https:\/\/www.conica.com\/fr\/conica-beim-salon-des-mandataires\/#article","isPartOf":{"@id":"https:\/\/www.conica.com\/fr\/conica-beim-salon-des-mandataires\/"},"author":{"name":"cloudweb admin","@id":"https:\/\/www.conica.com\/it\/#\/schema\/person\/21a28360f827ea08a260c39002caa02d"},"headline":"CONICA AT SALON DES MANDATAIRES IN BELGIEN","datePublished":"2018-02-27T06:36:50+00:00","dateModified":"2021-05-19T10:13:46+00:00","mainEntityOfPage":{"@id":"https:\/\/www.conica.com\/fr\/conica-beim-salon-des-mandataires\/"},"wordCount":65,"publisher":{"@id":"https:\/\/www.conica.com\/it\/#organization"},"image":{"@id":"https:\/\/www.conica.com\/fr\/conica-beim-salon-des-mandataires\/#primaryimage"},"thumbnailUrl":"https:\/\/www.conica.com\/wp-content\/uploads\/2020\/07\/Salon-des-Mandataires2-002.png","articleSection":["News"],"inLanguage":"fr-FR"},{"@type":"WebPage","@id":"https:\/\/www.conica.com\/fr\/conica-beim-salon-des-mandataires\/","url":"https:\/\/www.conica.com\/fr\/conica-beim-salon-des-mandataires\/","name":"CONICA AT SALON DES MANDATAIRES IN BELGIEN - CONICA AG","isPartOf":{"@id":"https:\/\/www.conica.com\/it\/#website"},"primaryImageOfPage":{"@id":"https:\/\/www.conica.com\/fr\/conica-beim-salon-des-mandataires\/#primaryimage"},"image":{"@id":"https:\/\/www.conica.com\/fr\/conica-beim-salon-des-mandataires\/#primaryimage"},"thumbnailUrl":"https:\/\/www.conica.com\/wp-content\/uploads\/2020\/07\/Salon-des-Mandataires2-002.png","datePublished":"2018-02-27T06:36:50+00:00","dateModified":"2021-05-19T10:13:46+00:00","breadcrumb":{"@id":"https:\/\/www.conica.com\/fr\/conica-beim-salon-des-mandataires\/#breadcrumb"},"inLanguage":"fr-FR","potentialAction":[{"@type":"ReadAction","target":["https:\/\/www.conica.com\/fr\/conica-beim-salon-des-mandataires\/"]}]},{"@type":"ImageObject","inLanguage":"fr-FR","@id":"https:\/\/www.conica.com\/fr\/conica-beim-salon-des-mandataires\/#primaryimage","url":"https:\/\/www.conica.com\/wp-content\/uploads\/2020\/07\/Salon-des-Mandataires2-002.png","contentUrl":"https:\/\/www.conica.com\/wp-content\/uploads\/2020\/07\/Salon-des-Mandataires2-002.png","width":982,"height":436},{"@type":"BreadcrumbList","@id":"https:\/\/www.conica.com\/fr\/conica-beim-salon-des-mandataires\/#breadcrumb","itemListElement":[{"@type":"ListItem","position":1,"name":"Home","item":"https:\/\/www.conica.com\/fr\/"},{"@type":"ListItem","position":2,"name":"CONICA AT SALON DES MANDATAIRES IN BELGIEN"}]},{"@type":"WebSite","@id":"https:\/\/www.conica.com\/it\/#website","url":"https:\/\/www.conica.com\/it\/","name":"CONICA AG","description":"Sport-, Playground- und Functional Flooring Bel\u00e4ge","publisher":{"@id":"https:\/\/www.conica.com\/it\/#organization"},"potentialAction":[{"@type":"SearchAction","target":{"@type":"EntryPoint","urlTemplate":"https:\/\/www.conica.com\/it\/?s={search_term_string}"},"query-input":{"@type":"PropertyValueSpecification","valueRequired":true,"valueName":"search_term_string"}}],"inLanguage":"fr-FR"},{"@type":"Organization","@id":"https:\/\/www.conica.com\/it\/#organization","name":"CONICA AG","url":"https:\/\/www.conica.com\/it\/","logo":{"@type":"ImageObject","inLanguage":"fr-FR","@id":"https:\/\/www.conica.com\/it\/#\/schema\/logo\/image\/","url":"https:\/\/www.conica.com\/wp-content\/uploads\/2020\/04\/logo_conica-01.svg","contentUrl":"https:\/\/www.conica.com\/wp-content\/uploads\/2020\/04\/logo_conica-01.svg","caption":"CONICA AG"},"image":{"@id":"https:\/\/www.conica.com\/it\/#\/schema\/logo\/image\/"}},{"@type":"Person","@id":"https:\/\/www.conica.com\/it\/#\/schema\/person\/21a28360f827ea08a260c39002caa02d","name":"cloudweb admin","image":{"@type":"ImageObject","inLanguage":"fr-FR","@id":"https:\/\/secure.gravatar.com\/avatar\/606f72c7df6210eef0ba3cb7dbdf2188f05a4e3d78921dd69ff68542ad576340?s=96&d=mm&r=g","url":"https:\/\/secure.gravatar.com\/avatar\/606f72c7df6210eef0ba3cb7dbdf2188f05a4e3d78921dd69ff68542ad576340?s=96&d=mm&r=g","contentUrl":"https:\/\/secure.gravatar.com\/avatar\/606f72c7df6210eef0ba3cb7dbdf2188f05a4e3d78921dd69ff68542ad576340?s=96&d=mm&r=g","caption":"cloudweb admin"}}]}},"featured_image_src":"https:\/\/www.conica.com\/wp-content\/uploads\/2020\/07\/Salon-des-Mandataires2-002-600x400.png","featured_image_src_square":"https:\/\/www.conica.com\/wp-content\/uploads\/2020\/07\/Salon-des-Mandataires2-002-600x436.png","author_info":{"display_name":"cloudweb admin","author_link":"https:\/\/www.conica.com\/fr\/author\/cloudweb-admin\/"},"uagb_featured_image_src":{"full":["https:\/\/www.conica.com\/wp-content\/uploads\/2020\/07\/Salon-des-Mandataires2-002.png",982,436,false],"thumbnail":["https:\/\/www.conica.com\/wp-content\/uploads\/2020\/07\/Salon-des-Mandataires2-002-150x150.png",150,150,true],"medium":["https:\/\/www.conica.com\/wp-content\/uploads\/2020\/07\/Salon-des-Mandataires2-002-300x133.png",300,133,true],"medium_large":["https:\/\/www.conica.com\/wp-content\/uploads\/2020\/07\/Salon-des-Mandataires2-002-768x341.png",768,341,true],"large":["https:\/\/www.conica.com\/wp-content\/uploads\/2020\/07\/Salon-des-Mandataires2-002.png",982,436,false],"gs-tiny":["https:\/\/www.conica.com\/wp-content\/uploads\/2020\/07\/Salon-des-Mandataires2-002.png",50,22,false],"xl":["https:\/\/www.conica.com\/wp-content\/uploads\/2020\/07\/Salon-des-Mandataires2-002.png",982,436,false],"xxl":["https:\/\/www.conica.com\/wp-content\/uploads\/2020\/07\/Salon-des-Mandataires2-002.png",982,436,false],"xxxl":["https:\/\/www.conica.com\/wp-content\/uploads\/2020\/07\/Salon-des-Mandataires2-002.png",982,436,false],"xxxxl":["https:\/\/www.conica.com\/wp-content\/uploads\/2020\/07\/Salon-des-Mandataires2-002.png",982,436,false],"xxxxxl":["https:\/\/www.conica.com\/wp-content\/uploads\/2020\/07\/Salon-des-Mandataires2-002.png",982,436,false],"gts-thumbnail":["https:\/\/www.conica.com\/wp-content\/uploads\/2020\/07\/Salon-des-Mandataires2-002-915x436.png",100,48,true],"1536x1536":["https:\/\/www.conica.com\/wp-content\/uploads\/2020\/07\/Salon-des-Mandataires2-002.png",982,436,false],"2048x2048":["https:\/\/www.conica.com\/wp-content\/uploads\/2020\/07\/Salon-des-Mandataires2-002.png",982,436,false],"sidebar-featured":["https:\/\/www.conica.com\/wp-content\/uploads\/2020\/07\/Salon-des-Mandataires2-002-75x75.png",75,75,true],"genesis-singular-images":["https:\/\/www.conica.com\/wp-content\/uploads\/2020\/07\/Salon-des-Mandataires2-002-702x436.png",702,436,true],"ab-block-post-grid-landscape":["https:\/\/www.conica.com\/wp-content\/uploads\/2020\/07\/Salon-des-Mandataires2-002-600x400.png",600,400,true],"ab-block-post-grid-square":["https:\/\/www.conica.com\/wp-content\/uploads\/2020\/07\/Salon-des-Mandataires2-002-600x436.png",600,436,true],"gform-image-choice-sm":["https:\/\/www.conica.com\/wp-content\/uploads\/2020\/07\/Salon-des-Mandataires2-002.png",300,133,false],"gform-image-choice-md":["https:\/\/www.conica.com\/wp-content\/uploads\/2020\/07\/Salon-des-Mandataires2-002.png",400,178,false],"gform-image-choice-lg":["https:\/\/www.conica.com\/wp-content\/uploads\/2020\/07\/Salon-des-Mandataires2-002.png",600,266,false]},"uagb_author_info":{"display_name":"cloudweb admin","author_link":"https:\/\/www.conica.com\/fr\/author\/cloudweb-admin\/"},"uagb_comment_info":0,"uagb_excerpt":"On the 8th and 9th of February 2018 the SALON DES MANDATAIRES opend the doors for the 13th time. It is an exceptional platform that allows regional companies to show their know-how and to meet the leaders of municipalities, provinces, associations, autonomous bodies and other public interest organizations. CONICA contact BENELUX: Freddy De BockPhone: +44(0)1636\u2026","_links":{"self":[{"href":"https:\/\/www.conica.com\/fr\/wp-json\/wp\/v2\/posts\/16567","targetHints":{"allow":["GET"]}}],"collection":[{"href":"https:\/\/www.conica.com\/fr\/wp-json\/wp\/v2\/posts"}],"about":[{"href":"https:\/\/www.conica.com\/fr\/wp-json\/wp\/v2\/types\/post"}],"author":[{"embeddable":true,"href":"https:\/\/www.conica.com\/fr\/wp-json\/wp\/v2\/users\/8"}],"replies":[{"embeddable":true,"href":"https:\/\/www.conica.com\/fr\/wp-json\/wp\/v2\/comments?post=16567"}],"version-history":[{"count":0,"href":"https:\/\/www.conica.com\/fr\/wp-json\/wp\/v2\/posts\/16567\/revisions"}],"wp:featuredmedia":[{"embeddable":true,"href":"https:\/\/www.conica.com\/fr\/wp-json\/wp\/v2\/media\/16568"}],"wp:attachment":[{"href":"https:\/\/www.conica.com\/fr\/wp-json\/wp\/v2\/media?parent=16567"}],"wp:term":[{"taxonomy":"category","embeddable":true,"href":"https:\/\/www.conica.com\/fr\/wp-json\/wp\/v2\/categories?post=16567"},{"taxonomy":"post_tag","embeddable":true,"href":"https:\/\/www.conica.com\/fr\/wp-json\/wp\/v2\/tags?post=16567"},{"taxonomy":"locations_categories","embeddable":true,"href":"https:\/\/www.conica.com\/fr\/wp-json\/wp\/v2\/locations_categories?post=16567"}],"curies":[{"name":"wp","href":"https:\/\/api.w.org\/{rel}","templated":true}]}}